[{"@context":"https:\/\/schema.org\/","@type":"Article","@id":"https:\/\/www.patriz.cz\/zutulni-pokoj-vasich-deti\/#Article","mainEntityOfPage":"https:\/\/www.patriz.cz\/zutulni-pokoj-vasich-deti\/","headline":"Z\u00fatuln\u00ed pokoj Va\u0161ich d\u011bt\u00ed","name":"Z\u00fatuln\u00ed pokoj Va\u0161ich d\u011bt\u00ed","description":"Vybrali jste si skv\u011bl\u00e9 z\u00e1v\u011bsy a p\u0159em\u00fd\u0161l\u00edte, jak je stylov\u011b upevnit nad okno? Ur\u010dit\u011b pou\u017eijete garny\u017e. Tu m\u00e1me tak\u00e9 v nab\u00eddce. Z\u00e1v\u011bs ke garny\u017ei p\u0159ipevn\u00edte bu\u010f pomoc\u00ed krou\u017ek\u016f, nebo \u017eabek. Uvid\u00edte, co V\u00e1m bude v\u00edce vyhovovat. Va\u0161ez\u00e1v\u011bsy u\u017e V\u00e1m pasuj\u00ed p\u0159esn\u011b na okno a pot\u0159ebujete je\u0161t\u011b upravit n\u011bjak\u00e9 kusy oble\u010den\u00ed. Pak se m\u016f\u017eete s klidem obr\u00e1tit na n\u00e1s. Zkr\u00e1t\u00edme \u010di z\u00fa\u017e\u00edme V\u00e1m \u0161aty, sukn\u011b, halenky, ko\u0161ile i dal\u0161\u00ed Va\u0161e oble\u010den\u00ed. Bytov\u00fd textil Vedle z\u00e1v\u011bs\u016fnab\u00edz\u00edme tak\u00e9 bytov\u00fd textil. Pod pojmem bytov\u00fd textil si m\u016f\u017eete p\u0159edstavit mnoho l\u00e1tek vhodn\u00fdch k u\u0161it\u00ed ubrusu. M\u016f\u017eete vyb\u00edrat z mnoha s\u00e9ri\u00ed, barev i vzor\u016f. S\u00e9rie maj\u00ed kr\u00e1sn\u00e1 jm\u00e9na &#8211; Carmen, Ceglet, Eniko, Helena, Frida, Kalocsa, Kecskemet, Kuba, Monika \u010di Toledo. Ur\u010dit\u011b si vyberete takovou l\u00e1tku, kter\u00e1 se bude skv\u011ble hodit do Va\u0161eho interi\u00e9ru.","datePublished":"2025-04-23","dateModified":"2025-04-23","author":{"@type":"Person","@id":"https:\/\/www.patriz.cz\/author\/#Person","name":"","url":"https:\/\/www.patriz.cz\/author\/","identifier":1,"image":{"@type":"ImageObject","@id":"https:\/\/secure.gravatar.com\/avatar\/020fed30ca967737eb0c640f241d660d0f18cb15fe876f045fbf23eb8510c133?s=96&d=mm&r=g","url":"https:\/\/secure.gravatar.com\/avatar\/020fed30ca967737eb0c640f241d660d0f18cb15fe876f045fbf23eb8510c133?s=96&d=mm&r=g","height":96,"width":96}},"publisher":{"@type":"Organization","name":"patriz.cz","logo":{"@type":"ImageObject","@id":"\/logo.png","url":"\/logo.png","width":600,"height":60}},"url":"https:\/\/www.patriz.cz\/zutulni-pokoj-vasich-deti\/","wordCount":185,"articleBody":"Vybrali jste si skv\u011bl\u00e9 z\u00e1v\u011bsy a p\u0159em\u00fd\u0161l\u00edte, jak je stylov\u011b upevnit nad okno? Ur\u010dit\u011b pou\u017eijete garny\u017e. Tu m\u00e1me tak\u00e9 v nab\u00eddce. Z\u00e1v\u011bs ke garny\u017ei p\u0159ipevn\u00edte bu\u010f pomoc\u00ed krou\u017ek\u016f, nebo \u017eabek. Uvid\u00edte, co V\u00e1m bude v\u00edce vyhovovat. Va\u0161ez\u00e1v\u011bsy u\u017e V\u00e1m pasuj\u00ed p\u0159esn\u011b na okno a pot\u0159ebujete je\u0161t\u011b upravit n\u011bjak\u00e9 kusy oble\u010den\u00ed. Pak se m\u016f\u017eete s klidem obr\u00e1tit na n\u00e1s. Zkr\u00e1t\u00edme \u010di z\u00fa\u017e\u00edme V\u00e1m \u0161aty, sukn\u011b, halenky, ko\u0161ile i dal\u0161\u00ed Va\u0161e oble\u010den\u00ed. Bytov\u00fd textil Vedle z\u00e1v\u011bs\u016fnab\u00edz\u00edme tak\u00e9 bytov\u00fd textil. Pod pojmem bytov\u00fd textil si m\u016f\u017eete p\u0159edstavit mnoho l\u00e1tek vhodn\u00fdch k u\u0161it\u00ed ubrusu. M\u016f\u017eete vyb\u00edrat z mnoha s\u00e9ri\u00ed, barev i vzor\u016f. S\u00e9rie maj\u00ed kr\u00e1sn\u00e1 jm\u00e9na &#8211; Carmen, Ceglet, Eniko, Helena, Frida, Kalocsa, Kecskemet, Kuba, Monika \u010di Toledo. Ur\u010dit\u011b si vyberete takovou l\u00e1tku, kter\u00e1 se bude skv\u011ble hodit do Va\u0161eho interi\u00e9ru.                                                                                                                                                                                                                                                                                                                                                                                                "},{"@context":"https:\/\/schema.org\/","@type":"BreadcrumbList","itemListElement":[{"@type":"ListItem","position":1,"name":"Z\u00fatuln\u00ed pokoj Va\u0161ich d\u011bt\u00ed","item":"https:\/\/www.patriz.cz\/zutulni-pokoj-vasich-deti\/#breadcrumbitem"}]}]