[{"@context":"https:\/\/schema.org\/","@type":"Article","@id":"https:\/\/www.patriz.cz\/zeny-ve-vedoucich-pozicich\/#Article","mainEntityOfPage":"https:\/\/www.patriz.cz\/zeny-ve-vedoucich-pozicich\/","headline":"\u017deny ve vedouc\u00edch pozic\u00edch","name":"\u017deny ve vedouc\u00edch pozic\u00edch","description":"\u017deny ve vedouc\u00edch pozic\u00edch, to je kr\u00e1sn\u00e9 t\u00e9ma. Pro\u010d? Proto\u017ee ukazuje, jak daleko jsme se jako spole\u010dnost posunuli, a z\u00e1rove\u0148, jak\u00fd potenci\u00e1l \u017eeny p\u0159in\u00e1\u0161ej\u00ed. Kdy\u017e \u017eena vstoup\u00ed do vedouc\u00ed role, nen\u00ed to jen o jej\u00ed odbornosti, ale o cel\u00e9m spektru dovednost\u00ed, kter\u00e9 do pr\u00e1ce p\u0159in\u00e1\u0161\u00ed. A \u017ee jich nen\u00ed m\u00e1lo! J\u00e1 sama jich m\u00e1m okolo v\u00edc ne\u017e dost a mus\u00edm \u0159\u00edct, \u017ee n\u011bkter\u00fdm to jde opravdu skv\u011ble! Jsou na\u0161\u00ed inspirac\u00ed \u017ee?\u00a0\u017deny ve vedouc\u00edch pozic\u00edch, to je kapitola, kter\u00e1 stoj\u00ed za to napsat i p\u0159e\u010d\u00edst. Je to o odvaze, sebev\u011bdom\u00ed, ale i o nekone\u010dn\u00e9 touze n\u011bco dok\u00e1zat. Kdy\u017e \u017eena \u0161\u00e9fuje, p\u0159in\u00e1\u0161\u00ed do t\u00fdmu nejen zku\u0161enosti a nadhled, ale taky tu zvl\u00e1\u0161tn\u00ed \u017eenskou energii. Je to kombinace empatie, schopnosti naslouchat a p\u0159irozen\u00e9 autority, kter\u00e1 vytv\u00e1\u0159\u00ed atmosf\u00e9ru, kde ka\u017ed\u00fd v\u00ed, \u017ee jeho pr\u00e1ce m\u00e1 smysl.\u00a0\u017deny maj\u00ed \u010dasto p\u0159irozen\u00fd talent pro multitasking, zvl\u00e1daj\u00ed si poradit s v\u00fdzvami, ani\u017e by ztratily \u00fasm\u011bv na tv\u00e1\u0159i. Kdy\u017e vedou t\u00fdm, um\u00ed vytvo\u0159it prost\u0159ed\u00ed, kde se lid\u00e9 c\u00edt\u00ed ocen\u011bn\u00ed a podporovan\u00ed. Nejde jen o autoritu, ale i o pochopen\u00ed, o hled\u00e1n\u00ed rovnov\u00e1hy mezi \u00fakoly a vztahy. A to je n\u011bco, co nen\u00ed samoz\u0159ejmost\u00ed, ale o to v\u00edce je to cenn\u00e9. M\u00e1m pocit, \u017ee \u017eeny ve vedouc\u00edch pozic\u00edch maj\u00ed dar vid\u011bt v\u011bci v \u0161ir\u0161\u00edch souvislostech. Um\u00ed pl\u00e1novat, ale tak\u00e9 reagovat, [&hellip;]","datePublished":"2024-05-30","dateModified":"2024-05-30","author":{"@type":"Person","@id":"https:\/\/www.patriz.cz\/author\/#Person","name":"","url":"https:\/\/www.patriz.cz\/author\/","identifier":1,"image":{"@type":"ImageObject","@id":"https:\/\/secure.gravatar.com\/avatar\/020fed30ca967737eb0c640f241d660d0f18cb15fe876f045fbf23eb8510c133?s=96&d=mm&r=g","url":"https:\/\/secure.gravatar.com\/avatar\/020fed30ca967737eb0c640f241d660d0f18cb15fe876f045fbf23eb8510c133?s=96&d=mm&r=g","height":96,"width":96}},"publisher":{"@type":"Organization","name":"patriz.cz","logo":{"@type":"ImageObject","@id":"\/logo.png","url":"\/logo.png","width":600,"height":60}},"image":{"@type":"ImageObject","@id":"https:\/\/www.patriz.cz\/wp-content\/uploads\/student-849821_640_9.jpg","url":"https:\/\/www.patriz.cz\/wp-content\/uploads\/student-849821_640_9.jpg","height":0,"width":0},"url":"https:\/\/www.patriz.cz\/zeny-ve-vedoucich-pozicich\/","about":["\u017dena"],"wordCount":411,"articleBody":"\u017deny ve vedouc\u00edch pozic\u00edch, to je kr\u00e1sn\u00e9 t\u00e9ma. Pro\u010d? Proto\u017ee ukazuje, jak daleko jsme se jako spole\u010dnost posunuli, a z\u00e1rove\u0148, jak\u00fd potenci\u00e1l \u017eeny p\u0159in\u00e1\u0161ej\u00ed. Kdy\u017e \u017eena vstoup\u00ed do vedouc\u00ed role, nen\u00ed to jen o jej\u00ed odbornosti, ale o cel\u00e9m spektru dovednost\u00ed, kter\u00e9 do pr\u00e1ce p\u0159in\u00e1\u0161\u00ed. A \u017ee jich nen\u00ed m\u00e1lo! J\u00e1 sama jich m\u00e1m okolo v\u00edc ne\u017e dost a mus\u00edm \u0159\u00edct, \u017ee n\u011bkter\u00fdm to jde opravdu skv\u011ble! Jsou na\u0161\u00ed inspirac\u00ed \u017ee?\u00a0\u017deny ve vedouc\u00edch pozic\u00edch, to je kapitola, kter\u00e1 stoj\u00ed za to napsat i p\u0159e\u010d\u00edst. Je to o odvaze, sebev\u011bdom\u00ed, ale i o nekone\u010dn\u00e9 touze n\u011bco dok\u00e1zat. Kdy\u017e \u017eena \u0161\u00e9fuje, p\u0159in\u00e1\u0161\u00ed do t\u00fdmu nejen zku\u0161enosti a nadhled, ale taky tu zvl\u00e1\u0161tn\u00ed \u017eenskou energii. Je to kombinace empatie, schopnosti naslouchat a p\u0159irozen\u00e9 autority, kter\u00e1 vytv\u00e1\u0159\u00ed atmosf\u00e9ru, kde ka\u017ed\u00fd v\u00ed, \u017ee jeho pr\u00e1ce m\u00e1 smysl.\u00a0\u017deny maj\u00ed \u010dasto p\u0159irozen\u00fd talent pro multitasking, zvl\u00e1daj\u00ed si poradit s v\u00fdzvami, ani\u017e by ztratily \u00fasm\u011bv na tv\u00e1\u0159i. Kdy\u017e vedou t\u00fdm, um\u00ed vytvo\u0159it prost\u0159ed\u00ed, kde se lid\u00e9 c\u00edt\u00ed ocen\u011bn\u00ed a podporovan\u00ed. Nejde jen o autoritu, ale i o pochopen\u00ed, o hled\u00e1n\u00ed rovnov\u00e1hy mezi \u00fakoly a vztahy. A to je n\u011bco, co nen\u00ed samoz\u0159ejmost\u00ed, ale o to v\u00edce je to cenn\u00e9.M\u00e1m pocit, \u017ee \u017eeny ve vedouc\u00edch pozic\u00edch maj\u00ed dar vid\u011bt v\u011bci v \u0161ir\u0161\u00edch souvislostech. Um\u00ed pl\u00e1novat, ale tak\u00e9 reagovat, kdy\u017e se n\u011bco zvrtne. A co je skv\u011bl\u00e9, v\u011bt\u0161inou se neboj\u00ed p\u0159iznat, kdy\u017e nev\u00ed. Neberou to jako slabost, sp\u00ed\u0161 jako p\u0159\u00edle\u017eitost pro sebe i t\u00fdm n\u011bco se nau\u010dit.A te\u010f si p\u0159edstavte, jak takov\u00e1 vedouc\u00ed zvl\u00e1d\u00e1 t\u0159eba i rodinu. To je obdivuhodn\u00e9 samo o sob\u011b, nemysl\u00edte? Balancovat mezi prac\u00ed a domovem nen\u00ed jednoduch\u00e9, ale \u017eeny to \u010dasto zvl\u00e1daj\u00ed s eleganc\u00ed a klidem, kter\u00fd by jim mohl leckdo z\u00e1vid\u011bt. Mo\u017en\u00e1 za t\u00edm stoj\u00ed pr\u00e1v\u011b ta jejich schopnost prioritizovat, jak bych to asi nazvala a d\u00e1t ka\u017ed\u00e9 v\u011bci ten spr\u00e1vn\u00fd \u010das a prostor. \u017deny ve veden\u00ed jsou inspirac\u00ed. Ukazuj\u00ed, \u017ee v\u0161echno je mo\u017en\u00e9, kdy\u017e v\u011b\u0159\u00edte v sebe a jdete za t\u00edm, co chcete.                                                                                                                                                                                                                                                                                                                                                                                         3.9\/5 - (14 votes)        "},{"@context":"https:\/\/schema.org\/","@type":"BreadcrumbList","itemListElement":[{"@type":"ListItem","position":1,"name":"\u017deny ve vedouc\u00edch pozic\u00edch","item":"https:\/\/www.patriz.cz\/zeny-ve-vedoucich-pozicich\/#breadcrumbitem"}]}]