[{"@context":"https:\/\/schema.org\/","@type":"Article","@id":"https:\/\/www.patriz.cz\/vylety-a-ubytovani\/#Article","mainEntityOfPage":"https:\/\/www.patriz.cz\/vylety-a-ubytovani\/","headline":"V\u00fdlety a ubytov\u00e1n\u00ed","name":"V\u00fdlety a ubytov\u00e1n\u00ed","description":"Jezd\u00edte r\u00e1di na v\u00fdlety? A kam nejrad\u011bji? J\u00e1 mus\u00edm \u0159\u00edct, \u017ee nejrad\u011bji jezd\u00edm na v\u00fdlety n\u011bkam do ciziny, ale posledn\u00ed dobou jsem si obl\u00edbila v\u00fdlety taky u n\u00e1s v \u010cesk\u00e9 republice. Nejv\u00edce se mi l\u00edb\u00ed \u0160umava a Vyso\u010dina. Mus\u00edm se p\u0159iznat, \u017ee klidn\u011b bych tam \u0161la i bydlet. Ale potom jsem si \u0159ekla, co by tady d\u011blali na m\u00e9m m\u00edst\u011b m\u00ed kamar\u00e1di a zbytek m\u00e9 rodiny? Nev\u00edm jak vy, ale j\u00e1 bych se asi nedok\u00e1zala odst\u011bhovat n\u011bkam pry\u010d. Mo\u017en\u00e1 bych se t\u0159eba na Vyso\u010dinu tak na m\u011bs\u00edc odst\u011bhovala, ale potom bych cht\u011bla j\u00edt samoz\u0159ejm\u011b dom\u016f. J\u00e1 jsem takov\u00e1, \u017ee v\u0161ude dob\u0159e, doma nejl\u00edp. Ale kdy\u017e jednou p\u0159\u00edtel za mnou p\u0159i\u0161el, \u017ee by cht\u011bl n\u011bkam na dovolenou, tak jsem souhlasila. I kdy\u017e m\u00e1m nyn\u00ed toho v pr\u00e1ci hodn\u011b, \u0159ekla jsem si, \u017ee relax pro m\u011b bude \u00fapln\u011b ide\u00e1ln\u00ed. A tak p\u0159\u00edtel \u0159ekl, \u017ee pojedeme do \u010cerven\u00e9 Vody. Abych se p\u0159iznala, to jsem v\u016fbec neznala. Takov\u00e9 m\u011bsto m\u011b v\u016fbec nic ne\u0159\u00edkalo. A ubytov\u00e1n\u00ed v \u010cerven\u00e9 vod\u011b jsem si \u0159ekla, \u017ee m\u016f\u017ee b\u00fdt t\u0159eba perfektn\u00ed. Proto\u017ee jsem vid\u011bla na internetu, jak tam jsou sam\u00e9 skv\u011bl\u00e9 recenze. P\u0159\u00edtel \u0159ekl, \u017ee ubytov\u00e1n\u00ed v \u010cerven\u00e9 Vod\u011b je opravdu p\u011bkn\u00e9, kde je hezky a je tam velmi \u010disto. Taky mi \u0159ekl, \u017ee ceny za ubytov\u00e1n\u00ed v \u010cerven\u00e9 [&hellip;]","datePublished":"2022-07-08","dateModified":"2022-07-08","author":{"@type":"Person","@id":"https:\/\/www.patriz.cz\/author\/#Person","name":"","url":"https:\/\/www.patriz.cz\/author\/","identifier":1,"image":{"@type":"ImageObject","@id":"https:\/\/secure.gravatar.com\/avatar\/020fed30ca967737eb0c640f241d660d0f18cb15fe876f045fbf23eb8510c133?s=96&d=mm&r=g","url":"https:\/\/secure.gravatar.com\/avatar\/020fed30ca967737eb0c640f241d660d0f18cb15fe876f045fbf23eb8510c133?s=96&d=mm&r=g","height":96,"width":96}},"publisher":{"@type":"Organization","name":"patriz.cz","logo":{"@type":"ImageObject","@id":"\/logo.png","url":"\/logo.png","width":600,"height":60}},"image":{"@type":"ImageObject","@id":"https:\/\/www.patriz.cz\/wp-content\/uploads\/hospital-1338585_960_720.jpg","url":"https:\/\/www.patriz.cz\/wp-content\/uploads\/hospital-1338585_960_720.jpg","height":0,"width":0},"url":"https:\/\/www.patriz.cz\/vylety-a-ubytovani\/","wordCount":420,"articleBody":"   Jezd\u00edte r\u00e1di na v\u00fdlety? A kam nejrad\u011bji? J\u00e1 mus\u00edm \u0159\u00edct, \u017ee nejrad\u011bji jezd\u00edm na v\u00fdlety n\u011bkam do ciziny, ale posledn\u00ed dobou jsem si obl\u00edbila v\u00fdlety taky u n\u00e1s v \u010cesk\u00e9 republice. Nejv\u00edce se mi l\u00edb\u00ed \u0160umava a Vyso\u010dina. Mus\u00edm se p\u0159iznat, \u017ee klidn\u011b bych tam \u0161la i bydlet. Ale potom jsem si \u0159ekla, co by tady d\u011blali na m\u00e9m m\u00edst\u011b m\u00ed kamar\u00e1di a zbytek m\u00e9 rodiny? Nev\u00edm jak vy, ale j\u00e1 bych se asi nedok\u00e1zala odst\u011bhovat n\u011bkam pry\u010d. Mo\u017en\u00e1 bych se t\u0159eba na Vyso\u010dinu tak na m\u011bs\u00edc odst\u011bhovala, ale potom bych cht\u011bla j\u00edt samoz\u0159ejm\u011b dom\u016f. J\u00e1 jsem takov\u00e1, \u017ee v\u0161ude dob\u0159e, doma nejl\u00edp. Ale kdy\u017e jednou p\u0159\u00edtel za mnou p\u0159i\u0161el, \u017ee by cht\u011bl n\u011bkam na dovolenou, tak jsem souhlasila. I kdy\u017e m\u00e1m nyn\u00ed toho v pr\u00e1ci hodn\u011b, \u0159ekla jsem si, \u017ee relax pro m\u011b bude \u00fapln\u011b ide\u00e1ln\u00ed. A tak p\u0159\u00edtel \u0159ekl, \u017ee pojedeme do \u010cerven\u00e9 Vody. Abych se p\u0159iznala, to jsem v\u016fbec neznala.Takov\u00e9 m\u011bsto m\u011b v\u016fbec nic ne\u0159\u00edkalo. A ubytov\u00e1n\u00ed v \u010cerven\u00e9 vod\u011b jsem si \u0159ekla, \u017ee m\u016f\u017ee b\u00fdt t\u0159eba perfektn\u00ed. Proto\u017ee jsem vid\u011bla na internetu, jak tam jsou sam\u00e9 skv\u011bl\u00e9 recenze. P\u0159\u00edtel \u0159ekl, \u017ee ubytov\u00e1n\u00ed v \u010cerven\u00e9 Vod\u011b je opravdu p\u011bkn\u00e9, kde je hezky a je tam velmi \u010disto. Taky mi \u0159ekl, \u017ee ceny za ubytov\u00e1n\u00ed v \u010cerven\u00e9 vod\u011b jsou perfektn\u00ed, \u017ee kvalita je tady vysok\u00e1 a ceny n\u00edzk\u00e9. Tak jsem si \u0159ekla, \u017ee pro\u010d to nevyzkou\u0161et. Nav\u00edc jsem v \u010cerven\u00e9 Vod\u011b nikdy nebyla. A mysl\u00edm si, \u017ee jsem ve v\u011bku, kdy je vhodn\u00e9 objevovat nov\u00e1 m\u00edsta v na\u0161\u00ed \u010cesk\u00e9 republice. A v\u00edte, jak to nakonec cel\u00e9 dopadlo? P\u0159\u00edtel m\u011bl pravdu. A ubytov\u00e1n\u00ed v \u010cerven\u00e9 Vod\u011b Skibukovka byl opravdu dokonal\u00e9. V\u0161ude bylo uklizeno a taky v\u016fbec tam nebyla zima ani teplo. Byla tam p\u0159\u00edjemn\u00e1 klimatizace, tak\u017ee se tam taky dob\u0159e spalo. Nav\u00edc mohu \u0159\u00edct, \u017ee prost\u0159ed\u00ed a p\u0159\u00edroda u ubytov\u00e1n\u00ed v \u010cerven\u00e9 Vod\u011b bylo opravdu p\u011bkn\u00e9. L\u00edbila se mi p\u0159\u00edroda a mus\u00edm \u0159\u00edct, \u017ee proch\u00e1zky lesem byly taky perfektn\u00ed. A jakou dovolenou s ubytov\u00e1n\u00edm m\u00e1te r\u00e1di?                                                                                                                                                                                                                                                                                                                                                                                          4.6\/5 - (7 votes)        "},{"@context":"https:\/\/schema.org\/","@type":"BreadcrumbList","itemListElement":[{"@type":"ListItem","position":1,"name":"V\u00fdlety a ubytov\u00e1n\u00ed","item":"https:\/\/www.patriz.cz\/vylety-a-ubytovani\/#breadcrumbitem"}]}]