[{"@context":"https:\/\/schema.org\/","@type":"Article","@id":"https:\/\/www.patriz.cz\/vydejte-se-s-cyklodresem-maloja-vanilm-na-trebonsko\/#Article","mainEntityOfPage":"https:\/\/www.patriz.cz\/vydejte-se-s-cyklodresem-maloja-vanilm-na-trebonsko\/","headline":"Vydejte se s cyklodresem Maloja VanilM na T\u0159ebo\u0148sko","name":"Vydejte se s cyklodresem Maloja VanilM na T\u0159ebo\u0148sko","description":"Cyklistice se v na\u0161\u00ed zemi v\u011bnuj\u00ed statis\u00edce nad\u0161enc\u016f v r\u016fzn\u00fdch podob\u00e1ch. Co se t\u00fd\u010de cyklistick\u00fdch tras, m\u016f\u017eeme nab\u00eddnout i zahrani\u010dn\u00edm jezdc\u016fm velmi n\u00e1ro\u010dn\u00e9 pas\u00e1\u017ee, nap\u0159\u00edklad v Jesen\u00edk\u00e1ch, kde se tamn\u00edho z\u00e1vodu Grand Prix Jesen\u00edky 2023 z\u00fa\u010dastnil i n\u011bkolikan\u00e1sobn\u00fd v\u00edt\u011bz Tour de France, a kde je ter\u00e9nn\u00ed n\u00e1ro\u010dnost p\u0159ev\u00fd\u0161en\u00ed srovnateln\u00e1 s alpsk\u00fdmi vrcholky. Jestli\u017ee v\u0161ak nepat\u0159\u00edte k vrcholov\u00fdm sportovc\u016fm a provozujete cyklistiku sp\u00ed\u0161e pro z\u00e1bavu a radost z pohybu, vydejte se spolu s n\u00e1mi do ter\u00e9n\u016f naopak velmi lehk\u00fdch, kde m\u00e1te dostatek \u010dasu a prostoru pozorovat okoln\u00ed krajinu, a ta rozhodn\u011b stoj\u00ed za to! Poje\u010fte s n\u00e1mi do T\u0159ebon\u011b. Za\u010d\u00edt bychom mohli ve Vesel\u00ed nad Lu\u017enic\u00ed, odkud sm\u011b\u0159uje \u010derven\u00e1 turistick\u00e1 trasa pod\u00e9l Veselsk\u00fdch p\u00edskoven (kde se m\u016f\u017eete za p\u0159\u00edhodn\u00e9ho po\u010das\u00ed vykoupat) do Vlkova a d\u00e1le Nad\u011bjskou rybni\u010dn\u00ed soustavou k hr\u00e1zi nejv\u011bt\u0161\u00edho \u010desk\u00e9ho rybn\u00edka Ro\u017emberk. Trasu zvl\u00e1dnou i mal\u00e9 d\u011bti a doporu\u010dujeme ji projet za slune\u010dn\u00e9ho a tepl\u00e9ho po\u010das\u00ed. Nem\u00e1te-li co na sebe, respektive nem\u00e1te vhodn\u00fd cyklodres, m\u016f\u017eete se navz\u00e1jem mezi sp\u0159\u00e1telen\u00fdmi rodinami pod\u011blit nap\u0159\u00edklad o dresy Maloja. Kup\u0159\u00edkladu model VanilM s kv\u011btovan\u00fdm vzorem, perfektn\u011b zapadne pr\u00e1v\u011b sem, do krajiny les\u016f, luk a modrav\u00e9 hladiny \u0159eky Lu\u017enice a okoln\u00edch rybn\u00edk\u016f. Bude to vypadat stylov\u011b a nav\u00edc je dres velmi pohodln\u00fd, tak\u017ee si u\u017eijete j\u00edzdu ne jako z\u00e1vodn\u00edci s jazykem \u201ena vest\u011b\u201c, ale [&hellip;]","datePublished":"2023-06-07","dateModified":"2023-08-07","author":{"@type":"Person","@id":"https:\/\/www.patriz.cz\/author\/#Person","name":"","url":"https:\/\/www.patriz.cz\/author\/","identifier":1,"image":{"@type":"ImageObject","@id":"https:\/\/secure.gravatar.com\/avatar\/020fed30ca967737eb0c640f241d660d0f18cb15fe876f045fbf23eb8510c133?s=96&d=mm&r=g","url":"https:\/\/secure.gravatar.com\/avatar\/020fed30ca967737eb0c640f241d660d0f18cb15fe876f045fbf23eb8510c133?s=96&d=mm&r=g","height":96,"width":96}},"publisher":{"@type":"Organization","name":"patriz.cz","logo":{"@type":"ImageObject","@id":"\/logo.png","url":"\/logo.png","width":600,"height":60}},"image":{"@type":"ImageObject","@id":"https:\/\/www.patriz.cz\/wp-content\/uploads\/country-gb44219dc1_640.jpg","url":"https:\/\/www.patriz.cz\/wp-content\/uploads\/country-gb44219dc1_640.jpg","height":0,"width":0},"url":"https:\/\/www.patriz.cz\/vydejte-se-s-cyklodresem-maloja-vanilm-na-trebonsko\/","about":["Lifestyle"],"wordCount":423,"articleBody":"   Cyklistice se v na\u0161\u00ed zemi v\u011bnuj\u00ed statis\u00edce nad\u0161enc\u016f v r\u016fzn\u00fdch podob\u00e1ch. Co se t\u00fd\u010de cyklistick\u00fdch tras, m\u016f\u017eeme nab\u00eddnout i zahrani\u010dn\u00edm jezdc\u016fm velmi n\u00e1ro\u010dn\u00e9 pas\u00e1\u017ee, nap\u0159\u00edklad v Jesen\u00edk\u00e1ch, kde se tamn\u00edho z\u00e1vodu Grand Prix Jesen\u00edky 2023 z\u00fa\u010dastnil i n\u011bkolikan\u00e1sobn\u00fd v\u00edt\u011bz Tour de France, a kde je ter\u00e9nn\u00ed n\u00e1ro\u010dnost p\u0159ev\u00fd\u0161en\u00ed srovnateln\u00e1 s alpsk\u00fdmi vrcholky. Jestli\u017ee v\u0161ak nepat\u0159\u00edte k vrcholov\u00fdm sportovc\u016fm a provozujete cyklistiku sp\u00ed\u0161e pro z\u00e1bavu a radost z pohybu, vydejte se spolu s n\u00e1mi do ter\u00e9n\u016f naopak velmi lehk\u00fdch, kde m\u00e1te dostatek \u010dasu a prostoru pozorovat okoln\u00ed krajinu, a ta rozhodn\u011b stoj\u00ed za to! Poje\u010fte s n\u00e1mi do T\u0159ebon\u011b. Za\u010d\u00edt bychom mohli ve Vesel\u00ed nad Lu\u017enic\u00ed, odkud sm\u011b\u0159uje \u010derven\u00e1 turistick\u00e1 trasa pod\u00e9l Veselsk\u00fdch p\u00edskoven (kde se m\u016f\u017eete za p\u0159\u00edhodn\u00e9ho po\u010das\u00ed vykoupat) do Vlkova a d\u00e1le Nad\u011bjskou rybni\u010dn\u00ed soustavou k hr\u00e1zi nejv\u011bt\u0161\u00edho \u010desk\u00e9ho rybn\u00edka Ro\u017emberk. Trasu zvl\u00e1dnou i mal\u00e9 d\u011bti a doporu\u010dujeme ji projet za slune\u010dn\u00e9ho a tepl\u00e9ho po\u010das\u00ed.Nem\u00e1te-li co na sebe, respektive nem\u00e1te vhodn\u00fd cyklodres, m\u016f\u017eete se navz\u00e1jem mezi sp\u0159\u00e1telen\u00fdmi rodinami pod\u011blit nap\u0159\u00edklad o dresy Maloja. Kup\u0159\u00edkladu model VanilM s kv\u011btovan\u00fdm vzorem, perfektn\u011b zapadne pr\u00e1v\u011b sem, do krajiny les\u016f, luk a modrav\u00e9 hladiny \u0159eky Lu\u017enice a okoln\u00edch rybn\u00edk\u016f. Bude to vypadat stylov\u011b a nav\u00edc je dres velmi pohodln\u00fd, tak\u017ee si u\u017eijete j\u00edzdu ne jako z\u00e1vodn\u00edci s jazykem \u201ena vest\u011b\u201c, ale jako rekreanti, kte\u0159\u00ed miluj\u00ed kr\u00e1snou p\u0159\u00edrodu a spoustu energie, j\u00ed\u017e n\u00e1s v\u0161echny vydatn\u011b z\u00e1sobuje.A a\u017e budete st\u00e1t na hr\u00e1zi rybn\u00edka Ro\u017emberk a obdivovat rozs\u00e1hlou plochu t\u00e9m\u011b\u0159 sedmi set hektar\u016f vodn\u00ed plochy, nasm\u011brujte se pot\u00e9 do T\u0159ebon\u011b k dal\u0161\u00edmu rybn\u00edku, tentokr\u00e1t k rybn\u00edku Sv\u011bt. Ten je sice a\u017e patn\u00e1ct\u00fd nejv\u011bt\u0161\u00ed, s rozlohou 202 hektar\u016f, ale ur\u010dit\u011b se v\u00e1m tu na kole s kr\u00e1sn\u00fdm cyklodresem bude l\u00edbit. A t\u0159eba se s n\u00edm vyprav\u00edte i jinam, k \u0161est\u00e9mu nejv\u011bt\u0161\u00edmu rybn\u00edku, tentokr\u00e1t severn\u011b od Prahy, k M\u00e1chovu jezeru.                                                                                                                                                                                                                                                                                                                                                                                          4\/5 - (12 votes)        "},{"@context":"https:\/\/schema.org\/","@type":"BreadcrumbList","itemListElement":[{"@type":"ListItem","position":1,"name":"Vydejte se s cyklodresem Maloja VanilM na T\u0159ebo\u0148sko","item":"https:\/\/www.patriz.cz\/vydejte-se-s-cyklodresem-maloja-vanilm-na-trebonsko\/#breadcrumbitem"}]}]