[{"@context":"https:\/\/schema.org\/","@type":"Article","@id":"https:\/\/www.patriz.cz\/uklid-kancelari-nebo-domacnosti\/#Article","mainEntityOfPage":"https:\/\/www.patriz.cz\/uklid-kancelari-nebo-domacnosti\/","headline":"\u00daklid kancel\u00e1\u0159\u00ed nebo dom\u00e1cnosti.","name":"\u00daklid kancel\u00e1\u0159\u00ed nebo dom\u00e1cnosti.","description":"P\u0159em\u00fd\u0161leli jste n\u011bkdy, jak je slo\u017eit\u00e9 jen uklidit celou dom\u00e1cnost, kdy\u017e to m\u00e1te vz\u00edt v\u0161echno na jednou a opravdu po\u0159\u00e1dn\u011b. Nen\u00ed to \u017e\u00e1dn\u00e1 hra\u010dka a to nemus\u00edte ani bydlet v rodinn\u00e9m dom\u011b, kde je spousta m\u00edsta, m\u016f\u017eete m\u00edt byt o velikosti dva plus jedna a u\u017e m\u00e1te p\u0159es pades\u00e1t metru \u010dtvere\u010dn\u00edch, kter\u00e9 mus\u00edte ukl\u00edzet. Jsou to sty\u010dn\u00e9 plochy, ale taky cel\u00e1 koupelna s kachli\u010dkami, toaleta a vana. To, jsme se je\u0161t\u011b nezm\u00ednili o kuchy\u0148sk\u00e9 lince, kde se mus\u00ed ut\u0159\u00edt prach pod ve\u0161ker\u00fdm n\u00e1dob\u00edm a zajistit \u010distotu ve v\u0161ech jej\u00edch prostor\u00e1ch. Takov\u00e1 trouba se mus\u00ed jednou za \u010das po\u0159\u00e1dn\u011b vy\u010distit, kdy\u017e j\u00ed ka\u017edodenn\u011b pou\u017e\u00edv\u00e1te na pe\u010den\u00ed. Z j\u00eddla na skle ale i na bok\u00e1ch a dn\u011b trouby z\u016fst\u00e1vaj\u00ed miniaturn\u00ed zbytky, kter\u00e9 se vysr\u00e1\u017e\u00ed a pak v troub\u011b zaschnou a p\u0159i dal\u0161\u00edm pe\u010den\u00ed se napaluj\u00ed a trouba m\u016f\u017ee za\u010d\u00edt zap\u00e1chat. I takov\u00e1 mali\u010dkost sta\u010d\u00ed a je to pr\u00e1ce na hodinu. Zd\u00e1 se to jako jednoduch\u00e1 pr\u00e1ce, ale kdy\u017e to chcete vz\u00edt po\u0159\u00e1dn\u011b, nemus\u00ed v\u00e1m ani jeden den sta\u010dit, je lep\u0161\u00ed si celkov\u00fd \u00faklid rozd\u011blit do n\u011bkolika dn\u016f a nechat si v\u00edc \u010dasu, abyste se u toho nezni\u010dili. P\u0159ece jenom okna nemus\u00edte um\u00fdvat ka\u017ed\u00fd t\u00fdden ale jednou za dva a\u017e t\u0159i m\u011bs\u00edce je to dobr\u00e9, abyste vid\u011bli i venkovn\u00ed \u017eivot. \u00daklid je pot\u0159eba [&hellip;]","datePublished":"2024-03-17","dateModified":"2024-04-29","author":{"@type":"Person","@id":"https:\/\/www.patriz.cz\/author\/#Person","name":"","url":"https:\/\/www.patriz.cz\/author\/","identifier":1,"image":{"@type":"ImageObject","@id":"https:\/\/secure.gravatar.com\/avatar\/020fed30ca967737eb0c640f241d660d0f18cb15fe876f045fbf23eb8510c133?s=96&d=mm&r=g","url":"https:\/\/secure.gravatar.com\/avatar\/020fed30ca967737eb0c640f241d660d0f18cb15fe876f045fbf23eb8510c133?s=96&d=mm&r=g","height":96,"width":96}},"publisher":{"@type":"Organization","name":"patriz.cz","logo":{"@type":"ImageObject","@id":"\/logo.png","url":"\/logo.png","width":600,"height":60}},"image":{"@type":"ImageObject","@id":"https:\/\/www.patriz.cz\/wp-content\/uploads\/pexels-nathan-cowley-713297_2.jpg","url":"https:\/\/www.patriz.cz\/wp-content\/uploads\/pexels-nathan-cowley-713297_2.jpg","height":0,"width":0},"url":"https:\/\/www.patriz.cz\/uklid-kancelari-nebo-domacnosti\/","about":["Business"],"wordCount":488,"articleBody":"   P\u0159em\u00fd\u0161leli jste n\u011bkdy, jak je slo\u017eit\u00e9 jen uklidit celou dom\u00e1cnost, kdy\u017e to m\u00e1te vz\u00edt v\u0161echno na jednou a opravdu po\u0159\u00e1dn\u011b. Nen\u00ed to \u017e\u00e1dn\u00e1 hra\u010dka a to nemus\u00edte ani bydlet v rodinn\u00e9m dom\u011b, kde je spousta m\u00edsta, m\u016f\u017eete m\u00edt byt o velikosti dva plus jedna a u\u017e m\u00e1te p\u0159es pades\u00e1t metru \u010dtvere\u010dn\u00edch, kter\u00e9 mus\u00edte ukl\u00edzet. Jsou to sty\u010dn\u00e9 plochy, ale taky cel\u00e1 koupelna s kachli\u010dkami, toaleta a vana. To, jsme se je\u0161t\u011b nezm\u00ednili o kuchy\u0148sk\u00e9 lince, kde se mus\u00ed ut\u0159\u00edt prach pod ve\u0161ker\u00fdm n\u00e1dob\u00edm a zajistit \u010distotu ve v\u0161ech jej\u00edch prostor\u00e1ch. Takov\u00e1 trouba se mus\u00ed jednou za \u010das po\u0159\u00e1dn\u011b vy\u010distit, kdy\u017e j\u00ed ka\u017edodenn\u011b pou\u017e\u00edv\u00e1te na pe\u010den\u00ed. Z j\u00eddla na skle ale i na bok\u00e1ch a dn\u011b trouby z\u016fst\u00e1vaj\u00ed miniaturn\u00ed zbytky, kter\u00e9 se vysr\u00e1\u017e\u00ed a pak v troub\u011b zaschnou a p\u0159i dal\u0161\u00edm pe\u010den\u00ed se napaluj\u00ed a trouba m\u016f\u017ee za\u010d\u00edt zap\u00e1chat.I takov\u00e1 mali\u010dkost sta\u010d\u00ed a je to pr\u00e1ce na hodinu. Zd\u00e1 se to jako jednoduch\u00e1 pr\u00e1ce, ale kdy\u017e to chcete vz\u00edt po\u0159\u00e1dn\u011b, nemus\u00ed v\u00e1m ani jeden den sta\u010dit, je lep\u0161\u00ed si celkov\u00fd \u00faklid rozd\u011blit do n\u011bkolika dn\u016f a nechat si v\u00edc \u010dasu, abyste se u toho nezni\u010dili. P\u0159ece jenom okna nemus\u00edte um\u00fdvat ka\u017ed\u00fd t\u00fdden ale jednou za dva a\u017e t\u0159i m\u011bs\u00edce je to dobr\u00e9, abyste vid\u011bli i venkovn\u00ed \u017eivot. \u00daklid je pot\u0159eba v\u0161ude jinak se dostanete do takov\u00e9 \u017eivotn\u00ed etapy, kdy se za v\u00e1s okol\u00ed bude styd\u011bt. To nechce nikdo, a proto se \u00faklidu lid\u00e9 v\u011bnuj\u00ed, sice neradi, ale n\u011bjak\u00fd ten \u010das tomu daj\u00ed. Te\u010f si p\u0159edstavte, kolik \u010dasu zabere jen mal\u00e1 dom\u00e1cnost a kolik \u010dasu mus\u00edte v\u011bnovat takov\u00e9 kancel\u00e1\u0159i, kter\u00e1 m\u00e1 n\u011bkolik pater, a obrovsk\u00fd prostor. Ukl\u00edze\u010di a ukl\u00edze\u010dky maj\u00ed velkou n\u00e1ro\u010dnost na sv\u00e9 povol\u00e1n\u00ed. V kancel\u00e1\u0159\u00edch se ukl\u00edz\u00ed v\u011bt\u0161inou ka\u017ed\u00fd den a je jasn\u011b dan\u00e9, co se mus\u00ed v\u0161echno ud\u011blat a kdy se d\u011blaj\u00ed v\u00fdjime\u010dn\u00e9 v\u011bci jako myt\u00ed oken. Nemus\u00ed to b\u00fdt b\u011b\u017enou \u010dinnost\u00ed, ale hlavn\u00ed je \u00faklid podlah, koberc\u016f, pak pracovn\u00edch ploch a soci\u00e1ln\u00edho za\u0159\u00edzen\u00ed. Nikdo nechce j\u00edt na \u0161pinav\u00fd z\u00e1chod, proto\u017ee \u010dlov\u011bk p\u0159ed v\u00e1mi byl prase a z\u00e1chod si po sob\u011b neuklidil. V\u011bt\u0161ina lid\u00ed, a to \u017een i mu\u017e\u016f se chovat neum\u00ed anebo se jim po sob\u011b nechce ukl\u00edzet. \u00daklid kancel\u00e1\u0159\u00ed na\u0161t\u011bst\u00ed d\u011blaj\u00ed odborn\u00e9 \u00faklidov\u00e9 firmy a na v\u00e1s bude jen dom\u00e1cnost.                                                                                                                                                                                                                                                                                                                                                                                           5\/5 - (1 vote)        "},{"@context":"https:\/\/schema.org\/","@type":"BreadcrumbList","itemListElement":[{"@type":"ListItem","position":1,"name":"\u00daklid kancel\u00e1\u0159\u00ed nebo dom\u00e1cnosti.","item":"https:\/\/www.patriz.cz\/uklid-kancelari-nebo-domacnosti\/#breadcrumbitem"}]}]