[{"@context":"https:\/\/schema.org\/","@type":"Article","@id":"https:\/\/www.patriz.cz\/udelejte-si-cas-a-vezmete-deti-na-vylet\/#Article","mainEntityOfPage":"https:\/\/www.patriz.cz\/udelejte-si-cas-a-vezmete-deti-na-vylet\/","headline":"Ud\u011blejte si \u010das a vezm\u011bte d\u011bti na v\u00fdlet","name":"Ud\u011blejte si \u010das a vezm\u011bte d\u011bti na v\u00fdlet","description":"Co takhle kone\u010dn\u011b odlo\u017eit mobil a notebook a vyrazit ven do p\u0159\u00edrody? Virtu\u00e1ln\u00ed sv\u011bt soci\u00e1ln\u00edch s\u00edt\u00ed a e-mailov\u00fdch kontakt\u016f je fajn, ale nesm\u00ed se to p\u0159eh\u00e1n\u011bt a hlavn\u011b n\u00e1m nesm\u00ed virtu\u00e1ln\u00ed realita p\u0159er\u016fst p\u0159es hlavu. P\u0159ece jen \u017eijeme v hmotn\u00e9m sv\u011bt\u011b, kde se cen\u00ed zejm\u00e9na p\u0159\u00edrodn\u00ed bohatstv\u00ed. Pozn\u00e1te to hlavn\u011b po del\u0161\u00edm pobytu ve m\u011bst\u011b, kdy jej opust\u00edte a nar\u00e1z se ocit\u00e1te n\u011bkde u mo\u0159e nebo na hor\u00e1ch, a vn\u00edm\u00e1te ten propastn\u00fd rozd\u00edl zejm\u00e9na v energii. V\u0161ude kolem kv\u011btiny, stromy, pt\u00e1ci, a to v\u0161e tu \u017eije velice aktivn\u011b a komunikuje spolu i p\u0159esto, \u017ee se tu nevyskytuje \u017e\u00e1dn\u00fd Internet. Pronajm\u011bte si dod\u00e1vku \u2013 je to v\u00fdhodn\u00e9 zejm\u00e9na v tom, \u017ee vezmete na v\u00fdlet celou rodinu, ve voze se net\u00edsn\u00edte, kabina je prostorn\u00e1 v\u010detn\u011b prostorn\u00fdch sedadel a do zavazadlov\u00e9ho prostoru se toho vejde v\u00edc, ne\u017e do osobn\u00edho auta. M\u016f\u017eete v\u00e9zt sou\u010dasn\u011b j\u00edzdn\u00ed kola a nafukovac\u00ed raft a k tomu je\u0161t\u011b t\u0159eba horolezeck\u00e9 vybaven\u00ed, tak\u017ee v\u00e1\u0161 v\u00fdlet z\u00edsk\u00e1 v\u011bt\u0161\u00ed rozm\u011br. Kombinujte plavbu po \u0159ece, j\u00edzdu na kole a lezen\u00ed po skal\u00e1ch \u2013 chcete-li si u\u017e\u00edt pohodov\u00fd v\u00edkend nebo dovolenou, a propojit tyto t\u0159i aktivity v jeden celek, m\u00e1te mo\u017enost to ud\u011blat t\u0159eba na Vltav\u011b. Je to nesm\u00edrn\u011b atraktivn\u00ed prost\u0159ed\u00ed, kam m\u00ed\u0159\u00ed ka\u017ed\u00fd rok v letn\u00ed sez\u00f3n\u011b tis\u00edce nad\u0161enc\u016f. M\u016f\u017eete se jim vyhnout, [&hellip;]","datePublished":"2022-05-23","dateModified":"2022-05-23","author":{"@type":"Person","@id":"https:\/\/www.patriz.cz\/author\/#Person","name":"","url":"https:\/\/www.patriz.cz\/author\/","identifier":1,"image":{"@type":"ImageObject","@id":"https:\/\/secure.gravatar.com\/avatar\/020fed30ca967737eb0c640f241d660d0f18cb15fe876f045fbf23eb8510c133?s=96&d=mm&r=g","url":"https:\/\/secure.gravatar.com\/avatar\/020fed30ca967737eb0c640f241d660d0f18cb15fe876f045fbf23eb8510c133?s=96&d=mm&r=g","height":96,"width":96}},"publisher":{"@type":"Organization","name":"patriz.cz","logo":{"@type":"ImageObject","@id":"\/logo.png","url":"\/logo.png","width":600,"height":60}},"image":{"@type":"ImageObject","@id":"https:\/\/www.patriz.cz\/wp-content\/uploads\/cesky-krumlov-2530562_640.jpg","url":"https:\/\/www.patriz.cz\/wp-content\/uploads\/cesky-krumlov-2530562_640.jpg","height":0,"width":0},"url":"https:\/\/www.patriz.cz\/udelejte-si-cas-a-vezmete-deti-na-vylet\/","about":["Business"],"wordCount":478,"articleBody":"   Co takhle kone\u010dn\u011b odlo\u017eit mobil a notebook a vyrazit ven do p\u0159\u00edrody? Virtu\u00e1ln\u00ed sv\u011bt soci\u00e1ln\u00edch s\u00edt\u00ed a e-mailov\u00fdch kontakt\u016f je fajn, ale nesm\u00ed se to p\u0159eh\u00e1n\u011bt a hlavn\u011b n\u00e1m nesm\u00ed virtu\u00e1ln\u00ed realita p\u0159er\u016fst p\u0159es hlavu. P\u0159ece jen \u017eijeme v hmotn\u00e9m sv\u011bt\u011b, kde se cen\u00ed zejm\u00e9na p\u0159\u00edrodn\u00ed bohatstv\u00ed. Pozn\u00e1te to hlavn\u011b po del\u0161\u00edm pobytu ve m\u011bst\u011b, kdy jej opust\u00edte a nar\u00e1z se ocit\u00e1te n\u011bkde u mo\u0159e nebo na hor\u00e1ch, a vn\u00edm\u00e1te ten propastn\u00fd rozd\u00edl zejm\u00e9na v energii. V\u0161ude kolem kv\u011btiny, stromy, pt\u00e1ci, a to v\u0161e tu \u017eije velice aktivn\u011b a komunikuje spolu i p\u0159esto, \u017ee se tu nevyskytuje \u017e\u00e1dn\u00fd Internet.Pronajm\u011bte si dod\u00e1vku \u2013 je to v\u00fdhodn\u00e9 zejm\u00e9na v tom, \u017ee vezmete na v\u00fdlet celou rodinu, ve voze se net\u00edsn\u00edte, kabina je prostorn\u00e1 v\u010detn\u011b prostorn\u00fdch sedadel a do zavazadlov\u00e9ho prostoru se toho vejde v\u00edc, ne\u017e do osobn\u00edho auta. M\u016f\u017eete v\u00e9zt sou\u010dasn\u011b j\u00edzdn\u00ed kola a nafukovac\u00ed raft a k tomu je\u0161t\u011b t\u0159eba horolezeck\u00e9 vybaven\u00ed, tak\u017ee v\u00e1\u0161 v\u00fdlet z\u00edsk\u00e1 v\u011bt\u0161\u00ed rozm\u011br.Kombinujte plavbu po \u0159ece, j\u00edzdu na kole a lezen\u00ed po skal\u00e1ch \u2013 chcete-li si u\u017e\u00edt pohodov\u00fd v\u00edkend nebo dovolenou, a propojit tyto t\u0159i aktivity v jeden celek, m\u00e1te mo\u017enost to ud\u011blat t\u0159eba na Vltav\u011b. Je to nesm\u00edrn\u011b atraktivn\u00ed prost\u0159ed\u00ed, kam m\u00ed\u0159\u00ed ka\u017ed\u00fd rok v letn\u00ed sez\u00f3n\u011b tis\u00edce nad\u0161enc\u016f. M\u016f\u017eete se jim vyhnout, pokud svou dovolenou napl\u00e1nujete na konec \u010dervna, anebo konec srpna.Po\u010dm\u00e1ran\u00e1 sk\u00e1la \u2013 nazna\u010dili jsme tu mo\u017enost br\u00e1t si s sebou horolezeck\u00e9 vybaven\u00ed. Pokud v\u00e1s toto dobrodru\u017estv\u00ed l\u00e1k\u00e1, m\u016f\u017eete jej uplatnit na \u201ePapou\u0161\u010d\u00ed sk\u00e1le\u201c, kter\u00e1 se nach\u00e1z\u00ed v bl\u00edzkosti vod\u00e1ck\u00e9ho kempu v Nov\u00e9m Spol\u00ed, nad \u010cesk\u00fdm Krumlovem.Cyklistika pod\u00e9l Vltavy \u2013 Vltava se \u010dervenci a v prvn\u00ed polovin\u011b srpna m\u011bn\u00ed na vod\u00e1ck\u00fd r\u00e1j a je tu tak\u00e9 velmi \u017eivo. Chcete-li se tomu vyhnout a pozorovat vod\u00e1ky jen z povzd\u00e1l\u00ed, m\u00e1te mo\u017enost p\u0159i j\u00edzd\u011b na kole pod\u00e9l \u0159eky z Vy\u0161\u0161\u00edho Brodu a\u017e do \u010cesk\u00e9ho Krumlova.Vltavou na raftu \u2013 vod\u00e1ckou atmosf\u00e9ru si tu u\u017eijete i v \u010dervnu nebo v z\u00e1\u0159\u00ed, v t\u00e9 dob\u011b je tu v\u00edcem\u00e9n\u011b klid a putov\u00e1n\u00ed s raftem m\u016f\u017ee b\u00fdt kr\u00e1snou dovolenou. Dod\u00e1vka z p\u016fj\u010dovny dod\u00e1vek v Praze v\u00e1m poslou\u017e\u00ed jako doprovodn\u00e9 vozidlo, kam ulo\u017e\u00edte svou bag\u00e1\u017e a z\u00e1soby potravin \u010di pitn\u00e9 vody.                                                                                                                                                                                                                                                                                                                                                                                          3.7\/5 - (9 votes)        "},{"@context":"https:\/\/schema.org\/","@type":"BreadcrumbList","itemListElement":[{"@type":"ListItem","position":1,"name":"Ud\u011blejte si \u010das a vezm\u011bte d\u011bti na v\u00fdlet","item":"https:\/\/www.patriz.cz\/udelejte-si-cas-a-vezmete-deti-na-vylet\/#breadcrumbitem"}]}]