[{"@context":"https:\/\/schema.org\/","@type":"Article","@id":"https:\/\/www.patriz.cz\/to-je-toho\/#Article","mainEntityOfPage":"https:\/\/www.patriz.cz\/to-je-toho\/","headline":"To je toho","name":"To je toho","description":"Kdy\u017e 2. srpna leto\u0161n\u00edho roku, tedy v\u00a0tuto chv\u00edli mohu \u0159\u00edci, \u017ee v\u010dera ve\u010der, odlet\u011blo z\u00a0\u010deskobud\u011bjovick\u00e9ho leti\u0161t\u011b, jeho\u017e v\u00fdstavba byla prov\u00e1zena takov\u00fdmi t\u011b\u017ekostmi, \u017ee je s\u00a0podivem, \u017ee to tam rad\u0161i nakonec neopustili rozestav\u011bn\u00e9, prvn\u00ed v\u011bt\u0161\u00ed letadlo s\u00a0turisty, byla z\u00a0toho pomalu d\u011bjinn\u00e1 ud\u00e1lost. Jiho\u010desk\u00fd pl\u00e1tek za\u010dal chrlit jeden \u010dl\u00e1nek za druh\u00fdm, po nespo\u010dtu v\u00fdzev se sem p\u0159i\u0161ly na ono prvn\u00ed letadlo pod\u00edvat \u00fadajn\u011b tis\u00edce lid\u00ed, svoji \u0161anci p\u0159edv\u00e9st se prost\u00e9mu lidu si nenechali uj\u00edt ani jiho\u010desk\u00fd hejtman a ministr dopravy. A t\u00edm, \u017ee ono slavn\u00e9 letadlo p\u0159ilet\u011blo a zase odlet\u011blo, to neskon\u010dilo. Report\u00e9rka zm\u00edn\u011bn\u00e9ho pl\u00e1tku se dostala spolu s\u00a0ostatn\u00edmi cestuj\u00edc\u00edmi do letadla, a tak jsem se hned dnes r\u00e1no mohl do\u010d\u00edst jak rozhovory s\u00a0nad\u0161en\u00fdmi pasa\u017e\u00e9ry, tak i to, jak slavnostn\u00ed p\u0159iv\u00edt\u00e1n\u00ed jim bylo v\u00a0tom c\u00edlov\u00e9m Turecku nab\u00eddnuto. To pr\u00fd bylo n\u011bco! \u010cekaly tam na n\u011b hostesky, ba i vodn\u00ed slavobr\u00e1nu tak pro pion\u00fdry l\u00e9t\u00e1n\u00ed z\u00a0\u010cesk\u00fdch Bud\u011bjovic m\u011bli, nechyb\u011bl ani \u010derven\u00fd koberec a ochutn\u00e1vka m\u00edstn\u00ed speciality za doprovodu Smetanovy Vltavy! A dopravil je tam i p\u016fvodem zdej\u0161\u00ed rod\u00e1k, jeho\u017e p\u0159\u00edbuzenstvo tu l\u00e9t\u00e1valo v\u00a0minulosti a jen\u017e pr\u00fd byl rovn\u011b\u017e dojat, \u017ee se sem mohl p\u0159i t\u00e9to p\u0159\u00edle\u017eitosti vr\u00e1tit. A cestuj\u00edc\u00ed? Ti pr\u00fd plesali nem\u00e9n\u011b. Jeden byl hrd\u00fd na to, \u017ee se o t\u00e9to nab\u00eddce dozv\u011bd\u011bl v\u00a0pr\u00e1ci a hned v\u00a0pracovn\u00ed dob\u011b do \u010cedoku volal, tak\u017ee [&hellip;]","datePublished":"2022-12-21","dateModified":"2023-08-23","author":{"@type":"Person","@id":"https:\/\/www.patriz.cz\/author\/#Person","name":"","url":"https:\/\/www.patriz.cz\/author\/","identifier":1,"image":{"@type":"ImageObject","@id":"https:\/\/secure.gravatar.com\/avatar\/020fed30ca967737eb0c640f241d660d0f18cb15fe876f045fbf23eb8510c133?s=96&d=mm&r=g","url":"https:\/\/secure.gravatar.com\/avatar\/020fed30ca967737eb0c640f241d660d0f18cb15fe876f045fbf23eb8510c133?s=96&d=mm&r=g","height":96,"width":96}},"publisher":{"@type":"Organization","name":"patriz.cz","logo":{"@type":"ImageObject","@id":"\/logo.png","url":"\/logo.png","width":600,"height":60}},"image":{"@type":"ImageObject","@id":"https:\/\/www.patriz.cz\/wp-content\/uploads\/l_10_2.jpg","url":"https:\/\/www.patriz.cz\/wp-content\/uploads\/l_10_2.jpg","height":0,"width":0},"url":"https:\/\/www.patriz.cz\/to-je-toho\/","about":["Cestov\u00e1n\u00ed"],"wordCount":500,"articleBody":"Kdy\u017e 2. srpna leto\u0161n\u00edho roku, tedy v\u00a0tuto chv\u00edli mohu \u0159\u00edci, \u017ee v\u010dera ve\u010der, odlet\u011blo z\u00a0\u010deskobud\u011bjovick\u00e9ho leti\u0161t\u011b, jeho\u017e v\u00fdstavba byla prov\u00e1zena takov\u00fdmi t\u011b\u017ekostmi, \u017ee je s\u00a0podivem, \u017ee to tam rad\u0161i nakonec neopustili rozestav\u011bn\u00e9, prvn\u00ed v\u011bt\u0161\u00ed letadlo s\u00a0turisty, byla z\u00a0toho pomalu d\u011bjinn\u00e1 ud\u00e1lost. Jiho\u010desk\u00fd pl\u00e1tek za\u010dal chrlit jeden \u010dl\u00e1nek za druh\u00fdm, po nespo\u010dtu v\u00fdzev se sem p\u0159i\u0161ly na ono prvn\u00ed letadlo pod\u00edvat \u00fadajn\u011b tis\u00edce lid\u00ed, svoji \u0161anci p\u0159edv\u00e9st se prost\u00e9mu lidu si nenechali uj\u00edt ani jiho\u010desk\u00fd hejtman a ministr dopravy. A t\u00edm, \u017ee ono slavn\u00e9 letadlo p\u0159ilet\u011blo a zase odlet\u011blo, to neskon\u010dilo. Report\u00e9rka zm\u00edn\u011bn\u00e9ho pl\u00e1tku se dostala spolu s\u00a0ostatn\u00edmi cestuj\u00edc\u00edmi do letadla, a tak jsem se hned dnes r\u00e1no mohl do\u010d\u00edst jak rozhovory s\u00a0nad\u0161en\u00fdmi pasa\u017e\u00e9ry, tak i to, jak slavnostn\u00ed p\u0159iv\u00edt\u00e1n\u00ed jim bylo v\u00a0tom c\u00edlov\u00e9m Turecku nab\u00eddnuto.To pr\u00fd bylo n\u011bco! \u010cekaly tam na n\u011b hostesky, ba i vodn\u00ed slavobr\u00e1nu tak pro pion\u00fdry l\u00e9t\u00e1n\u00ed z\u00a0\u010cesk\u00fdch Bud\u011bjovic m\u011bli, nechyb\u011bl ani \u010derven\u00fd koberec a ochutn\u00e1vka m\u00edstn\u00ed speciality za doprovodu Smetanovy Vltavy! A dopravil je tam i p\u016fvodem zdej\u0161\u00ed rod\u00e1k, jeho\u017e p\u0159\u00edbuzenstvo tu l\u00e9t\u00e1valo v\u00a0minulosti a jen\u017e pr\u00fd byl rovn\u011b\u017e dojat, \u017ee se sem mohl p\u0159i t\u00e9to p\u0159\u00edle\u017eitosti vr\u00e1tit.A cestuj\u00edc\u00ed? Ti pr\u00fd plesali nem\u00e9n\u011b. Jeden byl hrd\u00fd na to, \u017ee se o t\u00e9to nab\u00eddce dozv\u011bd\u011bl v\u00a0pr\u00e1ci a hned v\u00a0pracovn\u00ed dob\u011b do \u010cedoku volal, tak\u017ee byl \u00fapln\u011b ten prvn\u00ed (jeho pracovn\u00ed vyt\u00ed\u017een\u00ed bych cht\u011bl m\u00edt), dal\u0161\u00ed pan\u00ed byla \u0161\u0165astn\u00e1, proto\u017ee j\u00ed pra\u017esk\u00e9 leti\u0161t\u011b p\u0159ipad\u00e1 jako p\u0159\u00edli\u0161 hektick\u00e9 a slo\u017eit\u00e9 na to, aby se na n\u011bm zvl\u00e1dala zorientovat (mysl\u00edm si sv\u00e9), dal\u0161\u00ed (stejn\u011b jako j\u00e1 marn\u011b) vyj\u00e1d\u0159ila nad\u011bji, \u017ee se z\u00a0tohoto skv\u011bl\u00e9ho m\u00edsta v\u00a0budoucnu bude l\u00e9tat do cel\u00e9 Evropy\u2026Ve \u010dtvrt na jednu v\u00a0noci tedy dolet\u011bli prvn\u00ed turist\u00e9 z\u00a0\u010cesk\u00fdch Bud\u011bjovic do tureck\u00e9 Antalye. A bylo to pr\u00fd \u00fa\u017easn\u00e9. I kdy\u017e j\u00e1 jsem vid\u011bl ono napln\u011bn\u00e9 letadlo a v\u00a0duchu jsem zavzpom\u00ednal sp\u00ed\u0161e na ned\u00e1vno rozsezen\u00e9 pozad\u00ed, kdy\u017e jsem takhle jako sardinka let\u011bl z\u00a0George do Johannesburgu a pak z\u00a0Lond\u00fdna do Prahy. A jsem zv\u011bdav, co bude te\u010f. Kdy\u017e tam s\u00a0nimi ta report\u00e9rka let\u011bla, aby n\u00e1m sd\u011blila sv\u00e9 dojmy, do\u010dk\u00e1me se v\u00a0\u010ceskobud\u011bjovick\u00e9m den\u00edku denn\u00edch raport\u016f ze \u017eivota on\u011bch \u0161\u0165astn\u00fdch pasa\u017e\u00e9r\u016f ve form\u011b komedie \u00da\u010dastn\u00edci z\u00e1jezdu?                                                                                                                                                                                                                                                                                                                                                                                        4.3\/5 - (9 votes)        "},{"@context":"https:\/\/schema.org\/","@type":"BreadcrumbList","itemListElement":[{"@type":"ListItem","position":1,"name":"To je toho","item":"https:\/\/www.patriz.cz\/to-je-toho\/#breadcrumbitem"}]}]