[{"@context":"https:\/\/schema.org\/","@type":"Article","@id":"https:\/\/www.patriz.cz\/rodinne-domy-na-klic-na-vysocine-pro-klidne-bydleni-v-prirode\/#Article","mainEntityOfPage":"https:\/\/www.patriz.cz\/rodinne-domy-na-klic-na-vysocine-pro-klidne-bydleni-v-prirode\/","headline":"Rodinn\u00e9 domy na kl\u00ed\u010d na Vyso\u010din\u011b pro klidn\u00e9 bydlen\u00ed v p\u0159\u00edrod\u011b","name":"Rodinn\u00e9 domy na kl\u00ed\u010d na Vyso\u010din\u011b pro klidn\u00e9 bydlen\u00ed v p\u0159\u00edrod\u011b","description":"D\u0159evostavba na kl\u00ed\u010d V\u00edte, \u017ee z\u00e1padn\u00ed Evropou se ji\u017e mnoho let \u0161\u00ed\u0159\u00ed trend n\u00e1jemn\u00edho bydlen\u00ed a lidem se tam \u00fadajn\u011b vypl\u00e1c\u00ed bezstarostn\u00fd \u017eivot v ciz\u00edm byt\u011b \u010di dom\u011b, kdy ve\u0161ker\u00e1 \u00fadr\u017eba pad\u00e1 na vrub jejich majitel\u016f? Na prvn\u00ed pohled mo\u017en\u00e1 l\u00e1kav\u00e1 p\u0159edstava, ale m\u00e1to n\u011bkolik v\u00fdznamn\u00fdch trhlin. Ten d\u016fm v\u00e1m nepat\u0159\u00ed \u2013 nem\u016f\u017eete sami pru\u017en\u011b rozhodovat o tom, jak upravit interi\u00e9r, jak\u00e9ho vybaven\u00ed se zbavit a \u010d\u00edm jej nahradit. Nem\u016f\u017eete si sami sv\u00e9voln\u011b vybourat p\u0159\u00ed\u010dku, vystav\u011bt p\u0159ed domem terasu s pergolou a baz\u00e9nem. Jste tu pouze v r\u00e1mci n\u00e1jemn\u00ed smlouvy a pronaj\u00edmatel ji m\u016f\u017ee kdykoli s v\u00fdpov\u011bdn\u00ed lh\u016ftou vypov\u011bd\u011bt (samoz\u0159ejm\u011b v regul\u00edch z\u00e1kona). Mus\u00edte tak\u00e9 hradit pravideln\u00e9 spl\u00e1tky n\u00e1jemn\u00e9ho, a to neb\u00fdv\u00e1 zrovna mal\u00e9. Jsou to pen\u00edze, kter\u00e9 v p\u0159enesen\u00e9m slova smyslu vyhazujete do odpadkov\u00e9ho ko\u0161e, a je\u017e jsou zdrojem p\u0159\u00edjmu n\u011bkoho jin\u00e9ho. Nen\u00ed tedy v\u00fdhodn\u011bj\u0161\u00ed spl\u00e1cet hypot\u00e9ku nebo spot\u0159ebitelsk\u00fd \u00fav\u011br, kdy sice tak\u00e9 p\u0159epl\u00e1c\u00edte, ale investujete do sv\u00e9ho? N\u011bkte\u0159\u00ed lid\u00e9 \u0159e\u0161\u00ed bydlen\u00ed ve vlastn\u00edm objektu prodejem bytu \u010di jin\u00fdch nemovit\u00fdch a movit\u00fdch v\u011bc\u00ed, nebo\u0165 si uv\u011bdomuj\u00ed, \u017ee na n\u00e1jemn\u00e9m by vyd\u011blan\u00e9 pen\u00edze zhodnoceny rozhodn\u011b nebyly. \u2026 a na Vyso\u010din\u011b k tomu V\u00fdhodou bydlen\u00ed ve vlastn\u00edm dom\u011b se zahradou je nepochybn\u011b mo\u017enost u\u0161et\u0159it i na energi\u00edch, nap\u0159. vyt\u00e1p\u011bn\u00edm d\u0159evem v krbu s pr\u016fduchy, fotovoltaikou a sol\u00e1rn\u00edmi kolektory na st\u0159e\u0161e a [&hellip;]","datePublished":"2021-08-30","dateModified":"2021-08-30","author":{"@type":"Person","@id":"https:\/\/www.patriz.cz\/author\/#Person","name":"","url":"https:\/\/www.patriz.cz\/author\/","identifier":1,"image":{"@type":"ImageObject","@id":"https:\/\/secure.gravatar.com\/avatar\/020fed30ca967737eb0c640f241d660d0f18cb15fe876f045fbf23eb8510c133?s=96&d=mm&r=g","url":"https:\/\/secure.gravatar.com\/avatar\/020fed30ca967737eb0c640f241d660d0f18cb15fe876f045fbf23eb8510c133?s=96&d=mm&r=g","height":96,"width":96}},"publisher":{"@type":"Organization","name":"patriz.cz","logo":{"@type":"ImageObject","@id":"\/logo.png","url":"\/logo.png","width":600,"height":60}},"image":{"@type":"ImageObject","@id":"https:\/\/www.patriz.cz\/wp-content\/uploads\/n%C3%A1m%C4%9Bst%C3%AD%20v%20Tel%C4%8Di_3.jpg","url":"https:\/\/www.patriz.cz\/wp-content\/uploads\/n%C3%A1m%C4%9Bst%C3%AD%20v%20Tel%C4%8Di_3.jpg","height":0,"width":0},"url":"https:\/\/www.patriz.cz\/rodinne-domy-na-klic-na-vysocine-pro-klidne-bydleni-v-prirode\/","about":["Lifestyle"],"wordCount":427,"articleBody":"   D\u0159evostavba na kl\u00ed\u010dV\u00edte, \u017ee z\u00e1padn\u00ed Evropou se ji\u017e mnoho let \u0161\u00ed\u0159\u00ed trend n\u00e1jemn\u00edho bydlen\u00ed a lidem se tam \u00fadajn\u011b vypl\u00e1c\u00ed bezstarostn\u00fd \u017eivot v ciz\u00edm byt\u011b \u010di dom\u011b, kdy ve\u0161ker\u00e1 \u00fadr\u017eba pad\u00e1 na vrub jejich majitel\u016f? Na prvn\u00ed pohled mo\u017en\u00e1 l\u00e1kav\u00e1 p\u0159edstava, ale m\u00e1to n\u011bkolik v\u00fdznamn\u00fdch trhlin.Ten d\u016fm v\u00e1m nepat\u0159\u00ed \u2013 nem\u016f\u017eete sami pru\u017en\u011b rozhodovat o tom, jak upravit interi\u00e9r, jak\u00e9ho vybaven\u00ed se zbavit a \u010d\u00edm jej nahradit. Nem\u016f\u017eete si sami sv\u00e9voln\u011b vybourat p\u0159\u00ed\u010dku, vystav\u011bt p\u0159ed domem terasu s pergolou a baz\u00e9nem. Jste tu pouze v r\u00e1mci n\u00e1jemn\u00ed smlouvy a pronaj\u00edmatel ji m\u016f\u017ee kdykoli s v\u00fdpov\u011bdn\u00ed lh\u016ftou vypov\u011bd\u011bt (samoz\u0159ejm\u011b v regul\u00edch z\u00e1kona).Mus\u00edte tak\u00e9 hradit pravideln\u00e9 spl\u00e1tky n\u00e1jemn\u00e9ho, a to neb\u00fdv\u00e1 zrovna mal\u00e9. Jsou to pen\u00edze, kter\u00e9 v p\u0159enesen\u00e9m slova smyslu vyhazujete do odpadkov\u00e9ho ko\u0161e, a je\u017e jsou zdrojem p\u0159\u00edjmu n\u011bkoho jin\u00e9ho.Nen\u00ed tedy v\u00fdhodn\u011bj\u0161\u00ed spl\u00e1cet hypot\u00e9ku nebo spot\u0159ebitelsk\u00fd \u00fav\u011br, kdy sice tak\u00e9 p\u0159epl\u00e1c\u00edte, ale investujete do sv\u00e9ho? N\u011bkte\u0159\u00ed lid\u00e9 \u0159e\u0161\u00ed bydlen\u00ed ve vlastn\u00edm objektu prodejem bytu \u010di jin\u00fdch nemovit\u00fdch a movit\u00fdch v\u011bc\u00ed, nebo\u0165 si uv\u011bdomuj\u00ed, \u017ee na n\u00e1jemn\u00e9m by vyd\u011blan\u00e9 pen\u00edze zhodnoceny rozhodn\u011b nebyly.\u2026 a na Vyso\u010din\u011b k tomuV\u00fdhodou bydlen\u00ed ve vlastn\u00edm dom\u011b se zahradou je nepochybn\u011b mo\u017enost u\u0161et\u0159it i na energi\u00edch, nap\u0159. vyt\u00e1p\u011bn\u00edm d\u0159evem v krbu s pr\u016fduchy, fotovoltaikou a sol\u00e1rn\u00edmi kolektory na st\u0159e\u0161e a vlastn\u00ed studnou, ov\u0161em nesm\u00edme zapom\u00ednat ani na volbu vhodn\u00e9 lokality. S\u00e1z\u00edte-li na rodinn\u00e9 domy na kl\u00ed\u010d na Vyso\u010din\u011b, budete mo\u017en\u00e1 o ten \u201epomysln\u00fd krok nap\u0159ed\u201c p\u0159ed ostatn\u00edmi lidmi, kte\u0159\u00ed se st\u00e1le pacht\u00ed za kari\u00e9rou v centrech velk\u00fdch m\u011bst.Kdo z v\u00e1s ji\u017e na Vyso\u010din\u011b n\u011bkdy byl, v\u00ed, o \u010dem hovo\u0159\u00edme, a kdo tuto p\u0159ekr\u00e1snou oblast \u010ceska je\u0161t\u011b nikdy nenav\u0161t\u00edvil, m\u011bl by to napravit. Je tu \u0159\u00eddce obydlen\u00e1 krajina, s n\u00e1dhern\u00fdmi v\u00fdhledy, loukami a lesy, vodn\u00edmi toky, rybn\u00edky a skalisky, s mnoha historick\u00fdmi pam\u00e1tkami a hlavn\u011b klidem a pohodou, jak\u00e9 ve m\u011bstech nem\u016f\u017eete o\u010dek\u00e1vat.                                                                                                                                                                                                                                                                                                                                                                                         4\/5 - (7 votes)        "},{"@context":"https:\/\/schema.org\/","@type":"BreadcrumbList","itemListElement":[{"@type":"ListItem","position":1,"name":"Rodinn\u00e9 domy na kl\u00ed\u010d na Vyso\u010din\u011b pro klidn\u00e9 bydlen\u00ed v p\u0159\u00edrod\u011b","item":"https:\/\/www.patriz.cz\/rodinne-domy-na-klic-na-vysocine-pro-klidne-bydleni-v-prirode\/#breadcrumbitem"}]}]