[{"@context":"https:\/\/schema.org\/","@type":"Blog","@id":"https:\/\/www.patriz.cz#Blog","headline":"Patriz","description":"\nV\u00edme, \u017ee lh\u00e1t se nem\u00e1. A proto v\u00e1m tu sd\u011bl\u00edme jenom \u010distou pravdu. A tou je, \u017ee je n\u00e1\u0161 web naprosto dokonal\u00fd a lze se na n\u011bj v\u017edy spolehnout.","url":"https:\/\/www.patriz.cz","hasPart":[{"@type":"Article","@id":"https:\/\/www.patriz.cz\/slozita-kuze\/","headline":"Slo\u017eit\u00e1 k\u016f\u017ee","url":"https:\/\/www.patriz.cz\/slozita-kuze\/","datePublished":"2024-01-12","dateModified":"2024-02-12","mainEntityOfPage":"https:\/\/www.patriz.cz\/slozita-kuze\/","author":{"@type":"Person","@id":"https:\/\/www.patriz.cz\/author\/#Person","name":"","url":"https:\/\/www.patriz.cz\/author\/","identifier":1,"image":{"@type":"ImageObject","@id":"https:\/\/secure.gravatar.com\/avatar\/020fed30ca967737eb0c640f241d660d0f18cb15fe876f045fbf23eb8510c133?s=96&d=mm&r=g","url":"https:\/\/secure.gravatar.com\/avatar\/020fed30ca967737eb0c640f241d660d0f18cb15fe876f045fbf23eb8510c133?s=96&d=mm&r=g","height":96,"width":96}},"publisher":{"@type":"Organization","name":"patriz.cz","logo":{"@type":"ImageObject","@id":"\/logo.png","url":"\/logo.png","width":600,"height":60}},"image":{"@type":"ImageObject","@id":"https:\/\/www.patriz.cz\/wp-content\/uploads\/skin-3358873_640_1.jpg","url":"https:\/\/www.patriz.cz\/wp-content\/uploads\/skin-3358873_640_1.jpg","height":0,"width":0},"wordCount":521,"keywords":null},{"@type":"Article","@id":"https:\/\/www.patriz.cz\/kolik-mate-elektra\/","headline":"Kolik m\u00e1te elektra?","url":"https:\/\/www.patriz.cz\/kolik-mate-elektra\/","datePublished":"2024-01-11","dateModified":"2024-01-11","mainEntityOfPage":"https:\/\/www.patriz.cz\/kolik-mate-elektra\/","author":{"@type":"Person","@id":"https:\/\/www.patriz.cz\/author\/#Person","name":"","url":"https:\/\/www.patriz.cz\/author\/","identifier":1,"image":{"@type":"ImageObject","@id":"https:\/\/secure.gravatar.com\/avatar\/020fed30ca967737eb0c640f241d660d0f18cb15fe876f045fbf23eb8510c133?s=96&d=mm&r=g","url":"https:\/\/secure.gravatar.com\/avatar\/020fed30ca967737eb0c640f241d660d0f18cb15fe876f045fbf23eb8510c133?s=96&d=mm&r=g","height":96,"width":96}},"publisher":{"@type":"Organization","name":"patriz.cz","logo":{"@type":"ImageObject","@id":"\/logo.png","url":"\/logo.png","width":600,"height":60}},"image":{"@type":"ImageObject","@id":"https:\/\/www.patriz.cz\/wp-content\/uploads\/real-estate-6900998_1280.jpg","url":"https:\/\/www.patriz.cz\/wp-content\/uploads\/real-estate-6900998_1280.jpg","height":0,"width":0},"wordCount":506,"keywords":null},{"@type":"Article","@id":"https:\/\/www.patriz.cz\/presne-na-mieru\/","headline":"Presne na mieru","url":"https:\/\/www.patriz.cz\/presne-na-mieru\/","datePublished":"2024-01-05","dateModified":"2024-01-05","mainEntityOfPage":"https:\/\/www.patriz.cz\/presne-na-mieru\/","author":{"@type":"Person","@id":"https:\/\/www.patriz.cz\/author\/#Person","name":"","url":"https:\/\/www.patriz.cz\/author\/","identifier":1,"image":{"@type":"ImageObject","@id":"https:\/\/secure.gravatar.com\/avatar\/020fed30ca967737eb0c640f241d660d0f18cb15fe876f045fbf23eb8510c133?s=96&d=mm&r=g","url":"https:\/\/secure.gravatar.com\/avatar\/020fed30ca967737eb0c640f241d660d0f18cb15fe876f045fbf23eb8510c133?s=96&d=mm&r=g","height":96,"width":96}},"publisher":{"@type":"Organization","name":"patriz.cz","logo":{"@type":"ImageObject","@id":"\/logo.png","url":"\/logo.png","width":600,"height":60}},"image":null,"wordCount":262,"keywords":null},{"@type":"Article","@id":"https:\/\/www.patriz.cz\/s-tesarskymi-vruty-pracuje-profesional-i-amater\/","headline":"S tesa\u0159sk\u00fdmi vruty pracuje profesion\u00e1l i amat\u00e9r","url":"https:\/\/www.patriz.cz\/s-tesarskymi-vruty-pracuje-profesional-i-amater\/","datePublished":"2023-12-31","dateModified":"2024-01-31","mainEntityOfPage":"https:\/\/www.patriz.cz\/s-tesarskymi-vruty-pracuje-profesional-i-amater\/","author":{"@type":"Person","@id":"https:\/\/www.patriz.cz\/author\/#Person","name":"","url":"https:\/\/www.patriz.cz\/author\/","identifier":1,"image":{"@type":"ImageObject","@id":"https:\/\/secure.gravatar.com\/avatar\/020fed30ca967737eb0c640f241d660d0f18cb15fe876f045fbf23eb8510c133?s=96&d=mm&r=g","url":"https:\/\/secure.gravatar.com\/avatar\/020fed30ca967737eb0c640f241d660d0f18cb15fe876f045fbf23eb8510c133?s=96&d=mm&r=g","height":96,"width":96}},"publisher":{"@type":"Organization","name":"patriz.cz","logo":{"@type":"ImageObject","@id":"\/logo.png","url":"\/logo.png","width":600,"height":60}},"image":{"@type":"ImageObject","@id":"https:\/\/www.patriz.cz\/wp-content\/uploads\/wood-877368_640.jpg","url":"https:\/\/www.patriz.cz\/wp-content\/uploads\/wood-877368_640.jpg","height":0,"width":0},"wordCount":498,"keywords":null},{"@type":"Article","@id":"https:\/\/www.patriz.cz\/zubar-v-praze\/","headline":"Zuba\u0159 v Praze","url":"https:\/\/www.patriz.cz\/zubar-v-praze\/","datePublished":"2023-12-26","dateModified":"2024-01-29","mainEntityOfPage":"https:\/\/www.patriz.cz\/zubar-v-praze\/","author":{"@type":"Person","@id":"https:\/\/www.patriz.cz\/author\/#Person","name":"","url":"https:\/\/www.patriz.cz\/author\/","identifier":1,"image":{"@type":"ImageObject","@id":"https:\/\/secure.gravatar.com\/avatar\/020fed30ca967737eb0c640f241d660d0f18cb15fe876f045fbf23eb8510c133?s=96&d=mm&r=g","url":"https:\/\/secure.gravatar.com\/avatar\/020fed30ca967737eb0c640f241d660d0f18cb15fe876f045fbf23eb8510c133?s=96&d=mm&r=g","height":96,"width":96}},"publisher":{"@type":"Organization","name":"patriz.cz","logo":{"@type":"ImageObject","@id":"\/logo.png","url":"\/logo.png","width":600,"height":60}},"image":{"@type":"ImageObject","@id":"https:\/\/www.patriz.cz\/wp-content\/uploads\/mouth-1437426_640_1.jpg","url":"https:\/\/www.patriz.cz\/wp-content\/uploads\/mouth-1437426_640_1.jpg","height":0,"width":0},"wordCount":568,"keywords":null},{"@type":"Article","@id":"https:\/\/www.patriz.cz\/novy-start\/","headline":"Nov\u00fd start","url":"https:\/\/www.patriz.cz\/novy-start\/","datePublished":"2023-11-28","dateModified":"2023-11-28","mainEntityOfPage":"https:\/\/www.patriz.cz\/novy-start\/","author":{"@type":"Person","@id":"https:\/\/www.patriz.cz\/author\/#Person","name":"","url":"https:\/\/www.patriz.cz\/author\/","identifier":1,"image":{"@type":"ImageObject","@id":"https:\/\/secure.gravatar.com\/avatar\/020fed30ca967737eb0c640f241d660d0f18cb15fe876f045fbf23eb8510c133?s=96&d=mm&r=g","url":"https:\/\/secure.gravatar.com\/avatar\/020fed30ca967737eb0c640f241d660d0f18cb15fe876f045fbf23eb8510c133?s=96&d=mm&r=g","height":96,"width":96}},"publisher":{"@type":"Organization","name":"patriz.cz","logo":{"@type":"ImageObject","@id":"\/logo.png","url":"\/logo.png","width":600,"height":60}},"image":null,"wordCount":318,"keywords":null},{"@type":"Article","@id":"https:\/\/www.patriz.cz\/krosova-motorka\/","headline":"Krosov\u00e1 motorka","url":"https:\/\/www.patriz.cz\/krosova-motorka\/","datePublished":"2023-11-23","dateModified":"2024-04-23","mainEntityOfPage":"https:\/\/www.patriz.cz\/krosova-motorka\/","author":{"@type":"Person","@id":"https:\/\/www.patriz.cz\/author\/#Person","name":"","url":"https:\/\/www.patriz.cz\/author\/","identifier":1,"image":{"@type":"ImageObject","@id":"https:\/\/secure.gravatar.com\/avatar\/020fed30ca967737eb0c640f241d660d0f18cb15fe876f045fbf23eb8510c133?s=96&d=mm&r=g","url":"https:\/\/secure.gravatar.com\/avatar\/020fed30ca967737eb0c640f241d660d0f18cb15fe876f045fbf23eb8510c133?s=96&d=mm&r=g","height":96,"width":96}},"publisher":{"@type":"Organization","name":"patriz.cz","logo":{"@type":"ImageObject","@id":"\/logo.png","url":"\/logo.png","width":600,"height":60}},"image":{"@type":"ImageObject","@id":"https:\/\/www.patriz.cz\/wp-content\/uploads\/moto-4983690_1280.jpg","url":"https:\/\/www.patriz.cz\/wp-content\/uploads\/moto-4983690_1280.jpg","height":0,"width":0},"wordCount":775,"keywords":null},{"@type":"Article","@id":"https:\/\/www.patriz.cz\/perfektni-skrine\/","headline":"Perfektn\u00ed sk\u0159\u00edn\u011b","url":"https:\/\/www.patriz.cz\/perfektni-skrine\/","datePublished":"2023-11-18","dateModified":"2024-01-18","mainEntityOfPage":"https:\/\/www.patriz.cz\/perfektni-skrine\/","author":{"@type":"Person","@id":"https:\/\/www.patriz.cz\/author\/#Person","name":"","url":"https:\/\/www.patriz.cz\/author\/","identifier":1,"image":{"@type":"ImageObject","@id":"https:\/\/secure.gravatar.com\/avatar\/020fed30ca967737eb0c640f241d660d0f18cb15fe876f045fbf23eb8510c133?s=96&d=mm&r=g","url":"https:\/\/secure.gravatar.com\/avatar\/020fed30ca967737eb0c640f241d660d0f18cb15fe876f045fbf23eb8510c133?s=96&d=mm&r=g","height":96,"width":96}},"publisher":{"@type":"Organization","name":"patriz.cz","logo":{"@type":"ImageObject","@id":"\/logo.png","url":"\/logo.png","width":600,"height":60}},"image":{"@type":"ImageObject","@id":"https:\/\/www.patriz.cz\/wp-content\/uploads\/cupboard-4730589_1280_1.jpg","url":"https:\/\/www.patriz.cz\/wp-content\/uploads\/cupboard-4730589_1280_1.jpg","height":0,"width":0},"wordCount":566,"keywords":null},{"@type":"Article","@id":"https:\/\/www.patriz.cz\/chcete-neco-vyjimecneho\/","headline":"Chcete n\u011bco v\u00fdjime\u010dn\u00e9ho?","url":"https:\/\/www.patriz.cz\/chcete-neco-vyjimecneho\/","datePublished":"2023-10-22","dateModified":"2023-10-22","mainEntityOfPage":"https:\/\/www.patriz.cz\/chcete-neco-vyjimecneho\/","author":{"@type":"Person","@id":"https:\/\/www.patriz.cz\/author\/#Person","name":"","url":"https:\/\/www.patriz.cz\/author\/","identifier":1,"image":{"@type":"ImageObject","@id":"https:\/\/secure.gravatar.com\/avatar\/020fed30ca967737eb0c640f241d660d0f18cb15fe876f045fbf23eb8510c133?s=96&d=mm&r=g","url":"https:\/\/secure.gravatar.com\/avatar\/020fed30ca967737eb0c640f241d660d0f18cb15fe876f045fbf23eb8510c133?s=96&d=mm&r=g","height":96,"width":96}},"publisher":{"@type":"Organization","name":"patriz.cz","logo":{"@type":"ImageObject","@id":"\/logo.png","url":"\/logo.png","width":600,"height":60}},"image":null,"wordCount":311,"keywords":null},{"@type":"Article","@id":"https:\/\/www.patriz.cz\/nekdy-by-to-bez-dotaci-neslo\/","headline":"N\u011bkdy by to bez dotac\u00ed ne\u0161lo","url":"https:\/\/www.patriz.cz\/nekdy-by-to-bez-dotaci-neslo\/","datePublished":"2023-10-17","dateModified":"2023-10-17","mainEntityOfPage":"https:\/\/www.patriz.cz\/nekdy-by-to-bez-dotaci-neslo\/","author":{"@type":"Person","@id":"https:\/\/www.patriz.cz\/author\/#Person","name":"","url":"https:\/\/www.patriz.cz\/author\/","identifier":1,"image":{"@type":"ImageObject","@id":"https:\/\/secure.gravatar.com\/avatar\/020fed30ca967737eb0c640f241d660d0f18cb15fe876f045fbf23eb8510c133?s=96&d=mm&r=g","url":"https:\/\/secure.gravatar.com\/avatar\/020fed30ca967737eb0c640f241d660d0f18cb15fe876f045fbf23eb8510c133?s=96&d=mm&r=g","height":96,"width":96}},"publisher":{"@type":"Organization","name":"patriz.cz","logo":{"@type":"ImageObject","@id":"\/logo.png","url":"\/logo.png","width":600,"height":60}},"image":{"@type":"ImageObject","@id":"https:\/\/www.patriz.cz\/wp-content\/uploads\/p_5.jpg","url":"https:\/\/www.patriz.cz\/wp-content\/uploads\/p_5.jpg","height":0,"width":0},"wordCount":507,"keywords":null}]},{"@context":"https:\/\/schema.org","@type":"WebSite","@id":"https:\/\/www.patriz.cz\/#website","name":"Patriz","url":"https:\/\/www.patriz.cz","potentialAction":{"@type":"SearchAction","target":"https:\/\/www.patriz.cz\/?s={search_term_string}","query-input":"required name=search_term_string"}}]