[{"@context":"https:\/\/schema.org\/","@type":"Blog","@id":"https:\/\/www.patriz.cz#Blog","headline":"Patriz","description":"\nV\u00edme, \u017ee lh\u00e1t se nem\u00e1. A proto v\u00e1m tu sd\u011bl\u00edme jenom \u010distou pravdu. A tou je, \u017ee je n\u00e1\u0161 web naprosto dokonal\u00fd a lze se na n\u011bj v\u017edy spolehnout.","url":"https:\/\/www.patriz.cz","hasPart":[{"@type":"Article","@id":"https:\/\/www.patriz.cz\/stehovani-kancelari-spojene-s-vyklizenim\/","headline":"St\u011bhov\u00e1n\u00ed kancel\u00e1\u0159\u00ed spojen\u00e9 s vykl\u00edzen\u00edm","url":"https:\/\/www.patriz.cz\/stehovani-kancelari-spojene-s-vyklizenim\/","datePublished":"2024-03-15","dateModified":"2024-04-16","mainEntityOfPage":"https:\/\/www.patriz.cz\/stehovani-kancelari-spojene-s-vyklizenim\/","author":{"@type":"Person","@id":"https:\/\/www.patriz.cz\/author\/#Person","name":"","url":"https:\/\/www.patriz.cz\/author\/","identifier":1,"image":{"@type":"ImageObject","@id":"https:\/\/secure.gravatar.com\/avatar\/020fed30ca967737eb0c640f241d660d0f18cb15fe876f045fbf23eb8510c133?s=96&d=mm&r=g","url":"https:\/\/secure.gravatar.com\/avatar\/020fed30ca967737eb0c640f241d660d0f18cb15fe876f045fbf23eb8510c133?s=96&d=mm&r=g","height":96,"width":96}},"publisher":{"@type":"Organization","name":"patriz.cz","logo":{"@type":"ImageObject","@id":"\/logo.png","url":"\/logo.png","width":600,"height":60}},"image":{"@type":"ImageObject","@id":"https:\/\/www.patriz.cz\/wp-content\/uploads\/files-1614223_640_3.jpg","url":"https:\/\/www.patriz.cz\/wp-content\/uploads\/files-1614223_640_3.jpg","height":0,"width":0},"wordCount":522,"keywords":null},{"@type":"Article","@id":"https:\/\/www.patriz.cz\/jak-vytvorit-webovky\/","headline":"Jak vytvo\u0159it webovky","url":"https:\/\/www.patriz.cz\/jak-vytvorit-webovky\/","datePublished":"2024-03-15","dateModified":"2024-04-15","mainEntityOfPage":"https:\/\/www.patriz.cz\/jak-vytvorit-webovky\/","author":{"@type":"Person","@id":"https:\/\/www.patriz.cz\/author\/#Person","name":"","url":"https:\/\/www.patriz.cz\/author\/","identifier":1,"image":{"@type":"ImageObject","@id":"https:\/\/secure.gravatar.com\/avatar\/020fed30ca967737eb0c640f241d660d0f18cb15fe876f045fbf23eb8510c133?s=96&d=mm&r=g","url":"https:\/\/secure.gravatar.com\/avatar\/020fed30ca967737eb0c640f241d660d0f18cb15fe876f045fbf23eb8510c133?s=96&d=mm&r=g","height":96,"width":96}},"publisher":{"@type":"Organization","name":"patriz.cz","logo":{"@type":"ImageObject","@id":"\/logo.png","url":"\/logo.png","width":600,"height":60}},"image":{"@type":"ImageObject","@id":"https:\/\/www.patriz.cz\/wp-content\/uploads\/pexels-pixabay-461064_4.jpg","url":"https:\/\/www.patriz.cz\/wp-content\/uploads\/pexels-pixabay-461064_4.jpg","height":0,"width":0},"wordCount":523,"keywords":null},{"@type":"Article","@id":"https:\/\/www.patriz.cz\/kdo-nam-ve-firme-zpracuje-ucetnictvi\/","headline":"Kdo n\u00e1m ve firm\u011b zpracuje \u00fa\u010detnictv\u00ed","url":"https:\/\/www.patriz.cz\/kdo-nam-ve-firme-zpracuje-ucetnictvi\/","datePublished":"2024-03-13","dateModified":"2024-05-13","mainEntityOfPage":"https:\/\/www.patriz.cz\/kdo-nam-ve-firme-zpracuje-ucetnictvi\/","author":{"@type":"Person","@id":"https:\/\/www.patriz.cz\/author\/#Person","name":"","url":"https:\/\/www.patriz.cz\/author\/","identifier":1,"image":{"@type":"ImageObject","@id":"https:\/\/secure.gravatar.com\/avatar\/020fed30ca967737eb0c640f241d660d0f18cb15fe876f045fbf23eb8510c133?s=96&d=mm&r=g","url":"https:\/\/secure.gravatar.com\/avatar\/020fed30ca967737eb0c640f241d660d0f18cb15fe876f045fbf23eb8510c133?s=96&d=mm&r=g","height":96,"width":96}},"publisher":{"@type":"Organization","name":"patriz.cz","logo":{"@type":"ImageObject","@id":"\/logo.png","url":"\/logo.png","width":600,"height":60}},"image":{"@type":"ImageObject","@id":"https:\/\/www.patriz.cz\/wp-content\/uploads\/business-861325_640_1.jpg","url":"https:\/\/www.patriz.cz\/wp-content\/uploads\/business-861325_640_1.jpg","height":0,"width":0},"wordCount":572,"keywords":null},{"@type":"Article","@id":"https:\/\/www.patriz.cz\/jak-je-to-s-kryty-svitidel-v-domacnostech\/","headline":"Jak je to s kryty sv\u00edtidel v dom\u00e1cnostech","url":"https:\/\/www.patriz.cz\/jak-je-to-s-kryty-svitidel-v-domacnostech\/","datePublished":"2024-03-04","dateModified":"2024-03-04","mainEntityOfPage":"https:\/\/www.patriz.cz\/jak-je-to-s-kryty-svitidel-v-domacnostech\/","author":{"@type":"Person","@id":"https:\/\/www.patriz.cz\/author\/#Person","name":"","url":"https:\/\/www.patriz.cz\/author\/","identifier":1,"image":{"@type":"ImageObject","@id":"https:\/\/secure.gravatar.com\/avatar\/020fed30ca967737eb0c640f241d660d0f18cb15fe876f045fbf23eb8510c133?s=96&d=mm&r=g","url":"https:\/\/secure.gravatar.com\/avatar\/020fed30ca967737eb0c640f241d660d0f18cb15fe876f045fbf23eb8510c133?s=96&d=mm&r=g","height":96,"width":96}},"publisher":{"@type":"Organization","name":"patriz.cz","logo":{"@type":"ImageObject","@id":"\/logo.png","url":"\/logo.png","width":600,"height":60}},"image":{"@type":"ImageObject","@id":"https:\/\/www.patriz.cz\/wp-content\/uploads\/light-1405974_640_2.jpg","url":"https:\/\/www.patriz.cz\/wp-content\/uploads\/light-1405974_640_2.jpg","height":0,"width":0},"wordCount":565,"keywords":null},{"@type":"Article","@id":"https:\/\/www.patriz.cz\/pekna-zahrada\/","headline":"P\u011bkn\u00e1 zahrada","url":"https:\/\/www.patriz.cz\/pekna-zahrada\/","datePublished":"2024-02-28","dateModified":"2024-02-28","mainEntityOfPage":"https:\/\/www.patriz.cz\/pekna-zahrada\/","author":{"@type":"Person","@id":"https:\/\/www.patriz.cz\/author\/#Person","name":"","url":"https:\/\/www.patriz.cz\/author\/","identifier":1,"image":{"@type":"ImageObject","@id":"https:\/\/secure.gravatar.com\/avatar\/020fed30ca967737eb0c640f241d660d0f18cb15fe876f045fbf23eb8510c133?s=96&d=mm&r=g","url":"https:\/\/secure.gravatar.com\/avatar\/020fed30ca967737eb0c640f241d660d0f18cb15fe876f045fbf23eb8510c133?s=96&d=mm&r=g","height":96,"width":96}},"publisher":{"@type":"Organization","name":"patriz.cz","logo":{"@type":"ImageObject","@id":"\/logo.png","url":"\/logo.png","width":600,"height":60}},"image":{"@type":"ImageObject","@id":"https:\/\/www.patriz.cz\/wp-content\/uploads\/field-5561687_1280.jpg","url":"https:\/\/www.patriz.cz\/wp-content\/uploads\/field-5561687_1280.jpg","height":0,"width":0},"wordCount":543,"keywords":null},{"@type":"Article","@id":"https:\/\/www.patriz.cz\/dodavka-na-operativni-leasing-pro-instalatera\/","headline":"Dod\u00e1vka na operativn\u00ed leasing pro instalat\u00e9ra","url":"https:\/\/www.patriz.cz\/dodavka-na-operativni-leasing-pro-instalatera\/","datePublished":"2024-02-28","dateModified":"2024-03-28","mainEntityOfPage":"https:\/\/www.patriz.cz\/dodavka-na-operativni-leasing-pro-instalatera\/","author":{"@type":"Person","@id":"https:\/\/www.patriz.cz\/author\/#Person","name":"","url":"https:\/\/www.patriz.cz\/author\/","identifier":1,"image":{"@type":"ImageObject","@id":"https:\/\/secure.gravatar.com\/avatar\/020fed30ca967737eb0c640f241d660d0f18cb15fe876f045fbf23eb8510c133?s=96&d=mm&r=g","url":"https:\/\/secure.gravatar.com\/avatar\/020fed30ca967737eb0c640f241d660d0f18cb15fe876f045fbf23eb8510c133?s=96&d=mm&r=g","height":96,"width":96}},"publisher":{"@type":"Organization","name":"patriz.cz","logo":{"@type":"ImageObject","@id":"\/logo.png","url":"\/logo.png","width":600,"height":60}},"image":{"@type":"ImageObject","@id":"https:\/\/www.patriz.cz\/wp-content\/uploads\/pexels-%D0%B2%D0%B0%D0%BB%D1%8C%D0%B4%D0%B5%D0%BC%D0%B0%D1%80-2224742_2.jpg","url":"https:\/\/www.patriz.cz\/wp-content\/uploads\/pexels-%D0%B2%D0%B0%D0%BB%D1%8C%D0%B4%D0%B5%D0%BC%D0%B0%D1%80-2224742_2.jpg","height":0,"width":0},"wordCount":530,"keywords":null},{"@type":"Article","@id":"https:\/\/www.patriz.cz\/kdy-se-vyplati-profesionalni-predseda-svj\/","headline":"Kdy se vyplat\u00ed profesion\u00e1ln\u00ed p\u0159edseda svj","url":"https:\/\/www.patriz.cz\/kdy-se-vyplati-profesionalni-predseda-svj\/","datePublished":"2024-02-13","dateModified":"2024-03-13","mainEntityOfPage":"https:\/\/www.patriz.cz\/kdy-se-vyplati-profesionalni-predseda-svj\/","author":{"@type":"Person","@id":"https:\/\/www.patriz.cz\/author\/#Person","name":"","url":"https:\/\/www.patriz.cz\/author\/","identifier":1,"image":{"@type":"ImageObject","@id":"https:\/\/secure.gravatar.com\/avatar\/020fed30ca967737eb0c640f241d660d0f18cb15fe876f045fbf23eb8510c133?s=96&d=mm&r=g","url":"https:\/\/secure.gravatar.com\/avatar\/020fed30ca967737eb0c640f241d660d0f18cb15fe876f045fbf23eb8510c133?s=96&d=mm&r=g","height":96,"width":96}},"publisher":{"@type":"Organization","name":"patriz.cz","logo":{"@type":"ImageObject","@id":"\/logo.png","url":"\/logo.png","width":600,"height":60}},"image":{"@type":"ImageObject","@id":"https:\/\/www.patriz.cz\/wp-content\/uploads\/predseda4_1.png","url":"https:\/\/www.patriz.cz\/wp-content\/uploads\/predseda4_1.png","height":0,"width":0},"wordCount":560,"keywords":null},{"@type":"Article","@id":"https:\/\/www.patriz.cz\/vyrabime-komponenty-pro-jizdni-kola\/","headline":"Vyr\u00e1b\u00edme komponenty pro j\u00edzdn\u00ed kola","url":"https:\/\/www.patriz.cz\/vyrabime-komponenty-pro-jizdni-kola\/","datePublished":"2024-02-04","dateModified":"2024-04-05","mainEntityOfPage":"https:\/\/www.patriz.cz\/vyrabime-komponenty-pro-jizdni-kola\/","author":{"@type":"Person","@id":"https:\/\/www.patriz.cz\/author\/#Person","name":"","url":"https:\/\/www.patriz.cz\/author\/","identifier":1,"image":{"@type":"ImageObject","@id":"https:\/\/secure.gravatar.com\/avatar\/020fed30ca967737eb0c640f241d660d0f18cb15fe876f045fbf23eb8510c133?s=96&d=mm&r=g","url":"https:\/\/secure.gravatar.com\/avatar\/020fed30ca967737eb0c640f241d660d0f18cb15fe876f045fbf23eb8510c133?s=96&d=mm&r=g","height":96,"width":96}},"publisher":{"@type":"Organization","name":"patriz.cz","logo":{"@type":"ImageObject","@id":"\/logo.png","url":"\/logo.png","width":600,"height":60}},"image":{"@type":"ImageObject","@id":"https:\/\/www.patriz.cz\/wp-content\/uploads\/gears-2291916_640_3.jpg","url":"https:\/\/www.patriz.cz\/wp-content\/uploads\/gears-2291916_640_3.jpg","height":0,"width":0},"wordCount":500,"keywords":null},{"@type":"Article","@id":"https:\/\/www.patriz.cz\/ciste-kanystry\/","headline":"\u010cist\u00e9 kanystry","url":"https:\/\/www.patriz.cz\/ciste-kanystry\/","datePublished":"2024-01-21","dateModified":"2024-02-21","mainEntityOfPage":"https:\/\/www.patriz.cz\/ciste-kanystry\/","author":{"@type":"Person","@id":"https:\/\/www.patriz.cz\/author\/#Person","name":"","url":"https:\/\/www.patriz.cz\/author\/","identifier":1,"image":{"@type":"ImageObject","@id":"https:\/\/secure.gravatar.com\/avatar\/020fed30ca967737eb0c640f241d660d0f18cb15fe876f045fbf23eb8510c133?s=96&d=mm&r=g","url":"https:\/\/secure.gravatar.com\/avatar\/020fed30ca967737eb0c640f241d660d0f18cb15fe876f045fbf23eb8510c133?s=96&d=mm&r=g","height":96,"width":96}},"publisher":{"@type":"Organization","name":"patriz.cz","logo":{"@type":"ImageObject","@id":"\/logo.png","url":"\/logo.png","width":600,"height":60}},"image":{"@type":"ImageObject","@id":"https:\/\/www.patriz.cz\/wp-content\/uploads\/canister-6726050_1280.jpg","url":"https:\/\/www.patriz.cz\/wp-content\/uploads\/canister-6726050_1280.jpg","height":0,"width":0},"wordCount":504,"keywords":null},{"@type":"Article","@id":"https:\/\/www.patriz.cz\/chcete-vyrabet-z-plastu\/","headline":"Chcete vyr\u00e1b\u011bt z plastu?","url":"https:\/\/www.patriz.cz\/chcete-vyrabet-z-plastu\/","datePublished":"2024-01-19","dateModified":"2024-02-19","mainEntityOfPage":"https:\/\/www.patriz.cz\/chcete-vyrabet-z-plastu\/","author":{"@type":"Person","@id":"https:\/\/www.patriz.cz\/author\/#Person","name":"","url":"https:\/\/www.patriz.cz\/author\/","identifier":1,"image":{"@type":"ImageObject","@id":"https:\/\/secure.gravatar.com\/avatar\/020fed30ca967737eb0c640f241d660d0f18cb15fe876f045fbf23eb8510c133?s=96&d=mm&r=g","url":"https:\/\/secure.gravatar.com\/avatar\/020fed30ca967737eb0c640f241d660d0f18cb15fe876f045fbf23eb8510c133?s=96&d=mm&r=g","height":96,"width":96}},"publisher":{"@type":"Organization","name":"patriz.cz","logo":{"@type":"ImageObject","@id":"\/logo.png","url":"\/logo.png","width":600,"height":60}},"image":{"@type":"ImageObject","@id":"https:\/\/www.patriz.cz\/wp-content\/uploads\/p_10.jpg","url":"https:\/\/www.patriz.cz\/wp-content\/uploads\/p_10.jpg","height":0,"width":0},"wordCount":594,"keywords":null}]},{"@context":"https:\/\/schema.org","@type":"WebSite","@id":"https:\/\/www.patriz.cz\/#website","name":"Patriz","url":"https:\/\/www.patriz.cz","potentialAction":{"@type":"SearchAction","target":"https:\/\/www.patriz.cz\/?s={search_term_string}","query-input":"required name=search_term_string"}}]