[{"@context":"https:\/\/schema.org\/","@type":"Article","@id":"https:\/\/www.patriz.cz\/obtezovani-v-praci\/#Article","mainEntityOfPage":"https:\/\/www.patriz.cz\/obtezovani-v-praci\/","headline":"Obt\u011b\u017eov\u00e1n\u00ed v pr\u00e1ci","name":"Obt\u011b\u017eov\u00e1n\u00ed v pr\u00e1ci","description":"B\u00fdt \u017eenou m\u011b opravdu hodn\u011b bav\u00ed. V\u00ed\u0161 jsem r\u00e1da, \u017ee jsem \u017eena, ale je hodn\u011b lid\u00ed, kte\u0159\u00ed si t\u0159eba mysl\u00ed, \u017ee my \u017eeny to m\u00e1me opravdu v \u017eivot\u011b moc slo\u017eit\u00e9. J\u00e1 v\u00edm, co t\u00edm maj\u00ed v\u0161ichni opravdu na mysli, a to hlavn\u011b zam\u011bstn\u00e1n\u00ed anebo n\u011bjak\u00e9 sexu\u00e1ln\u00ed obt\u011b\u017eov\u00e1n\u00ed v zam\u011bstn\u00e1n\u00ed. Je to takov\u00e9 sexu\u00e1ln\u00ed hara\u0161en\u00ed. A kdy\u017e u\u017e se bav\u00edme o sexu\u00e1ln\u00edm hara\u0161en\u00ed, tak za\u017eili jste to n\u011bkdy? J\u00e1 ano, za\u017eila jsem to u\u017e n\u011bkolikr\u00e1t. A tak\u00e9 bych cht\u011bla zm\u00ednit, \u017ee sexu\u00e1ln\u00ed hara\u0161en\u00ed nemus\u00ed sn\u00e1\u0161et pouze jenom \u017eeny, ale tak\u00e9 se to st\u00e1v\u00e1 mu\u017e\u016fm. Pov\u00edm v\u00e1m, \u017ee je to potom opravdu velice smutn\u00e9. Nap\u0159\u00edklad m\u016fj bratranec, kter\u00fd je velice citliv\u00fd a je to introvert tak v zam\u011bstn\u00e1n\u00ed, kde skl\u00e1dal zbo\u017e\u00ed ve skladu, tak tak\u00e9 za\u017eil opravdu sexu\u00e1ln\u00ed hara\u0161en\u00ed. A pr\u00e1v\u011b, \u017ee ho obt\u011b\u017eovaly dv\u011b\u00a0\u017eeny. A\u00a0ty dv\u011b\u00a0\u017eeny z toho m\u011bly opravdu velikou srandu. A kdy\u017e potom se to dozv\u011bd\u011bli je\u0161t\u011b jeho kolegov\u00e9, tak se p\u0159idali k t\u011bm \u017een\u00e1m. Tohle se mi v\u016fbec nel\u00edbilo. Absolutn\u011b nech\u00e1pu, jak tohle n\u011bkdo m\u016f\u017ee dopustit. J\u00e1 sice ch\u00e1pu, \u017ee t\u0159eba bratranec byl opravdu hodn\u011b citliv\u00fd a tich\u00fd, \u017ee se v\u016fbec nebr\u00e1nil. Ale mrzelo m\u011b, \u017ee t\u0159eba bratranec nevzal v\u0161echnu s\u00edlu a odvahu a \u017ee jim n\u011bco ne\u0159ekl anebo se n\u011bkomu nesv\u011b\u0159il. Jenom\u017ee pro mu\u017ee sv\u011b\u0159it se n\u011bkomu [&hellip;]","datePublished":"2024-09-30","dateModified":"2024-09-30","author":{"@type":"Person","@id":"https:\/\/www.patriz.cz\/author\/#Person","name":"","url":"https:\/\/www.patriz.cz\/author\/","identifier":1,"image":{"@type":"ImageObject","@id":"https:\/\/secure.gravatar.com\/avatar\/020fed30ca967737eb0c640f241d660d0f18cb15fe876f045fbf23eb8510c133?s=96&d=mm&r=g","url":"https:\/\/secure.gravatar.com\/avatar\/020fed30ca967737eb0c640f241d660d0f18cb15fe876f045fbf23eb8510c133?s=96&d=mm&r=g","height":96,"width":96}},"publisher":{"@type":"Organization","name":"patriz.cz","logo":{"@type":"ImageObject","@id":"\/logo.png","url":"\/logo.png","width":600,"height":60}},"image":{"@type":"ImageObject","@id":"https:\/\/www.patriz.cz\/wp-content\/uploads\/woman-4290853_1280.jpg","url":"https:\/\/www.patriz.cz\/wp-content\/uploads\/woman-4290853_1280.jpg","height":0,"width":0},"url":"https:\/\/www.patriz.cz\/obtezovani-v-praci\/","about":["\u017deny"],"wordCount":450,"articleBody":"B\u00fdt \u017eenou m\u011b opravdu hodn\u011b bav\u00ed. V\u00ed\u0161 jsem r\u00e1da, \u017ee jsem \u017eena, ale je hodn\u011b lid\u00ed, kte\u0159\u00ed si t\u0159eba mysl\u00ed, \u017ee my \u017eeny to m\u00e1me opravdu v \u017eivot\u011b moc slo\u017eit\u00e9. J\u00e1 v\u00edm, co t\u00edm maj\u00ed v\u0161ichni opravdu na mysli, a to hlavn\u011b zam\u011bstn\u00e1n\u00ed anebo n\u011bjak\u00e9 sexu\u00e1ln\u00ed obt\u011b\u017eov\u00e1n\u00ed v zam\u011bstn\u00e1n\u00ed. Je to takov\u00e9 sexu\u00e1ln\u00ed hara\u0161en\u00ed. A kdy\u017e u\u017e se bav\u00edme o sexu\u00e1ln\u00edm hara\u0161en\u00ed, tak za\u017eili jste to n\u011bkdy? J\u00e1 ano, za\u017eila jsem to u\u017e n\u011bkolikr\u00e1t. A tak\u00e9 bych cht\u011bla zm\u00ednit, \u017ee sexu\u00e1ln\u00ed hara\u0161en\u00ed nemus\u00ed sn\u00e1\u0161et pouze jenom \u017eeny, ale tak\u00e9 se to st\u00e1v\u00e1 mu\u017e\u016fm. Pov\u00edm v\u00e1m, \u017ee je to potom opravdu velice smutn\u00e9. Nap\u0159\u00edklad m\u016fj bratranec, kter\u00fd je velice citliv\u00fd a je to introvert tak v zam\u011bstn\u00e1n\u00ed, kde skl\u00e1dal zbo\u017e\u00ed ve skladu, tak tak\u00e9 za\u017eil opravdu sexu\u00e1ln\u00ed hara\u0161en\u00ed.A pr\u00e1v\u011b, \u017ee ho obt\u011b\u017eovaly dv\u011b\u00a0\u017eeny. A\u00a0ty dv\u011b\u00a0\u017eeny z toho m\u011bly opravdu velikou srandu. A kdy\u017e potom se to dozv\u011bd\u011bli je\u0161t\u011b jeho kolegov\u00e9, tak se p\u0159idali k t\u011bm \u017een\u00e1m. Tohle se mi v\u016fbec nel\u00edbilo. Absolutn\u011b nech\u00e1pu, jak tohle n\u011bkdo m\u016f\u017ee dopustit. J\u00e1 sice ch\u00e1pu, \u017ee t\u0159eba bratranec byl opravdu hodn\u011b citliv\u00fd a tich\u00fd, \u017ee se v\u016fbec nebr\u00e1nil. Ale mrzelo m\u011b, \u017ee t\u0159eba bratranec nevzal v\u0161echnu s\u00edlu a odvahu a \u017ee jim n\u011bco ne\u0159ekl anebo se n\u011bkomu nesv\u011b\u0159il. Jenom\u017ee pro mu\u017ee sv\u011b\u0159it se n\u011bkomu je opravdu hodn\u011b citliv\u00e9 t\u00e9ma. Mnoho mu\u017e\u016f se ani nechce sv\u011b\u0159it, kdy\u017e maj\u00ed t\u0159eba n\u011bkter\u00e9 sexu\u00e1ln\u00ed probl\u00e9my a tak podobn\u011b. Zat\u00edmco my \u017eeny se sv\u011b\u0159\u00edme opravdu rychle, nap\u0159\u00edklad j\u00e1, kdy\u017e m\u00e1m t\u0159eba sexu\u00e1ln\u00ed probl\u00e9my, proto\u017ee trp\u00edm r\u016fzn\u00fdmi z\u00e1n\u011bty, tak to samoz\u0159ejm\u011b \u0159eknu l\u00e9ka\u0159i a tak\u00e9 sv\u00e9mu partnerovi. My \u017eeny se jednodu\u0161e asi sv\u011b\u0159ujeme l\u00e9pe. Pro n\u00e1s je to v\u00edce jednoduch\u00e9 a mysl\u00edm si, \u017ee kdy\u017e my \u017eeny se n\u011bkomu sv\u011b\u0159\u00edme, \u017ee potom n\u00e1s tak\u00e9 n\u011bkdo lituje. Ale j\u00e1 nechci, aby m\u011b n\u011bkdo litoval. J\u00e1 sp\u00ed\u0161e chci, aby mi n\u011bkdo pomohl, abych m\u011bla n\u011bjakou oporu. A jak bych mohla m\u00edt oporu, kdybych se potom n\u011bkomu nesv\u011b\u0159ila, kdybych se nesv\u011b\u0159ila se sv\u00fdmi probl\u00e9my? Proto je nejlep\u0161\u00ed, kdy\u017e se sv\u011b\u0159\u00edte.\u00a0                                                                                                                                                                                                                                                                                                                                                                                        4.2\/5 - (6 votes)        "},{"@context":"https:\/\/schema.org\/","@type":"BreadcrumbList","itemListElement":[{"@type":"ListItem","position":1,"name":"Obt\u011b\u017eov\u00e1n\u00ed v pr\u00e1ci","item":"https:\/\/www.patriz.cz\/obtezovani-v-praci\/#breadcrumbitem"}]}]