[{"@context":"https:\/\/schema.org\/","@type":"Article","@id":"https:\/\/www.patriz.cz\/kulturni-pamatky\/#Article","mainEntityOfPage":"https:\/\/www.patriz.cz\/kulturni-pamatky\/","headline":"Kulturn\u00ed pam\u00e1tky","name":"Kulturn\u00ed pam\u00e1tky","description":"Moc r\u00e1da jezd\u00edm po sv\u011bt\u011b. A jsem r\u00e1da, \u017ee v tom nejsem sama. Chod\u00edm do pr\u00e1ce, kde jsou sam\u00ed mlad\u00ed lid\u00e9 stejn\u011b tak jako j\u00e1. A t\u011b\u0161\u00ed m\u011b, \u017ee jsem se s nimi sezn\u00e1mila opravdu dob\u0159e. \u017de m\u00e1m v zam\u011bstn\u00e1n\u00ed opravdu skv\u011bl\u00fd kolektiv. M\u016fj d\u011bde\u010dek \u0159\u00edk\u00e1, \u017ee kdy\u017e v zam\u011bstn\u00e1n\u00ed je prima kolektiv, \u017ee to m\u00e1 i celkov\u011b skv\u011bl\u00e9 pracovn\u00ed v\u00fdsledky. A pr\u00e1v\u011b s kolektivem ze zam\u011bstn\u00e1n\u00ed jsme se dohodli, \u017ee pojedeme v l\u00e9t\u011b do New Yorku. \u017de chceme tak\u00e9 pozn\u00e1vat nov\u00fd sv\u011bt. Nov\u00e1 m\u00edsta. A pr\u00e1v\u011b New York je pro n\u00e1s t\u00edm prav\u00fdm. L\u00edb\u00ed se mi takov\u00e1 kultura. A mimochodem, byli jste u\u017e n\u011bkdy v takov\u00e9mto m\u011bst\u011b? Mnoho lid\u00ed tam u\u017e bylo, ale t\u0159eba \u017e\u00e1dn\u00fd \u010dlov\u011bk nenapsal nic o jejich kultu\u0159e. J\u00e1 v\u00edm, \u017ee se to moc neli\u0161\u00ed od na\u0161\u00ed republiky. Ale stejn\u011b se mi tam moc l\u00edb\u00ed. J\u00e1 jsem tam u\u017e byla jako mal\u00e9 d\u00edt\u011b. Pamatuji si to jenom tak matn\u011b. Byla jsem tam s rodi\u010di, proto\u017ee otec tam dostal skv\u011blou pracovn\u00ed p\u0159\u00edle\u017eitost. Otec byl z toho velice nad\u0161en\u00fd, moje maminka tak\u00e9, proto\u017ee otec potom nosil ze zam\u011bstn\u00e1n\u00ed opravdu velk\u00e9 a skv\u011bl\u00e9 pen\u00edze. Ale abych se vr\u00e1tila zp\u00e1tky zase ke kultu\u0159e. M\u00e1m r\u00e1da kulturu, a to hlavn\u011b tak\u00e9 italskou a \u0161pan\u011blskou. Tak\u00e9 bych se cht\u011bla pod\u00edvat na Maledivy. [&hellip;]","datePublished":"2024-05-28","dateModified":"2024-05-28","author":{"@type":"Person","@id":"https:\/\/www.patriz.cz\/author\/#Person","name":"","url":"https:\/\/www.patriz.cz\/author\/","identifier":1,"image":{"@type":"ImageObject","@id":"https:\/\/secure.gravatar.com\/avatar\/020fed30ca967737eb0c640f241d660d0f18cb15fe876f045fbf23eb8510c133?s=96&d=mm&r=g","url":"https:\/\/secure.gravatar.com\/avatar\/020fed30ca967737eb0c640f241d660d0f18cb15fe876f045fbf23eb8510c133?s=96&d=mm&r=g","height":96,"width":96}},"publisher":{"@type":"Organization","name":"patriz.cz","logo":{"@type":"ImageObject","@id":"\/logo.png","url":"\/logo.png","width":600,"height":60}},"image":{"@type":"ImageObject","@id":"https:\/\/www.patriz.cz\/wp-content\/uploads\/people-3279475_1280_1.jpg","url":"https:\/\/www.patriz.cz\/wp-content\/uploads\/people-3279475_1280_1.jpg","height":0,"width":0},"url":"https:\/\/www.patriz.cz\/kulturni-pamatky\/","about":["Kultura"],"wordCount":453,"articleBody":"Moc r\u00e1da jezd\u00edm po sv\u011bt\u011b. A jsem r\u00e1da, \u017ee v tom nejsem sama. Chod\u00edm do pr\u00e1ce, kde jsou sam\u00ed mlad\u00ed lid\u00e9 stejn\u011b tak jako j\u00e1. A t\u011b\u0161\u00ed m\u011b, \u017ee jsem se s nimi sezn\u00e1mila opravdu dob\u0159e. \u017de m\u00e1m v zam\u011bstn\u00e1n\u00ed opravdu skv\u011bl\u00fd kolektiv. M\u016fj d\u011bde\u010dek \u0159\u00edk\u00e1, \u017ee kdy\u017e v zam\u011bstn\u00e1n\u00ed je prima kolektiv, \u017ee to m\u00e1 i celkov\u011b skv\u011bl\u00e9 pracovn\u00ed v\u00fdsledky. A pr\u00e1v\u011b s kolektivem ze zam\u011bstn\u00e1n\u00ed jsme se dohodli, \u017ee pojedeme v l\u00e9t\u011b do New Yorku. \u017de chceme tak\u00e9 pozn\u00e1vat nov\u00fd sv\u011bt. Nov\u00e1 m\u00edsta. A pr\u00e1v\u011b New York je pro n\u00e1s t\u00edm prav\u00fdm. L\u00edb\u00ed se mi takov\u00e1 kultura. A mimochodem, byli jste u\u017e n\u011bkdy v takov\u00e9mto m\u011bst\u011b?Mnoho lid\u00ed tam u\u017e bylo, ale t\u0159eba \u017e\u00e1dn\u00fd \u010dlov\u011bk nenapsal nic o jejich kultu\u0159e. J\u00e1 v\u00edm, \u017ee se to moc neli\u0161\u00ed od na\u0161\u00ed republiky. Ale stejn\u011b se mi tam moc l\u00edb\u00ed. J\u00e1 jsem tam u\u017e byla jako mal\u00e9 d\u00edt\u011b. Pamatuji si to jenom tak matn\u011b. Byla jsem tam s rodi\u010di, proto\u017ee otec tam dostal skv\u011blou pracovn\u00ed p\u0159\u00edle\u017eitost. Otec byl z toho velice nad\u0161en\u00fd, moje maminka tak\u00e9, proto\u017ee otec potom nosil ze zam\u011bstn\u00e1n\u00ed opravdu velk\u00e9 a skv\u011bl\u00e9 pen\u00edze. Ale abych se vr\u00e1tila zp\u00e1tky zase ke kultu\u0159e. M\u00e1m r\u00e1da kulturu, a to hlavn\u011b tak\u00e9 italskou a \u0161pan\u011blskou. Tak\u00e9 bych se cht\u011bla pod\u00edvat na Maledivy. Jenom\u017ee kdy\u017e jsem se d\u00edvala na ceny letenek a ubytov\u00e1n\u00ed, tak m\u011b Maledivy \u00fapln\u011b opustily. U\u017e jsem o to nem\u011bla v\u016fbec \u017e\u00e1dn\u00fd z\u00e1jem.Budu muset objevovat \u00fapln\u011b jinou kulturu. J\u00e1 v\u00edm, \u017ee cestov\u00e1n\u00ed je opravdu hodn\u011b drah\u00e9. Uv\u011bdomuj\u00ed si to. Ale zase \u010dlov\u011bk, kter\u00fd je\u0161t\u011b nem\u00e1 rodinu, tak by si podle m\u00e9ho n\u00e1zoru m\u011bl u\u017e\u00edvat \u017eivota. U\u017e\u00edvat si voln\u00e9ho a bezd\u011btn\u00e9ho \u017eivota. J\u00e1 u\u017e m\u00e1m dostudov\u00e1no. M\u00e1m tak\u00e9 partnera. Ale prvn\u011b do New Yorku pojedu se sv\u00fdmi kolegy ze zam\u011bstn\u00e1n\u00ed. Abychom se pod\u00edvali na tu kr\u00e1snou kulturu. S partnerem potom m\u00e1me v pl\u00e1nu se pod\u00edvat do \u0160pan\u011blska a tak\u00e9 do It\u00e1lie. Tohle m\u011b l\u00e1k\u00e1 u\u017e tak\u00e9 hodn\u011b dlouho. Uvid\u00edm, jak na tom budu \u010dasov\u011b a jak na tom tak\u00e9 budu finan\u010dn\u011b partner nyn\u00ed m\u011bn\u00ed zam\u011bstn\u00e1n\u00ed a douf\u00e1m, \u017ee tam bude m\u00edt tak\u00e9 skv\u011bl\u00e9 pen\u00edze, abychom mohli pozn\u00e1vat nov\u00e9 kultury.                                                                                                                                                                                                                                                                                                                                                                                        4.4\/5 - (12 votes)        "},{"@context":"https:\/\/schema.org\/","@type":"BreadcrumbList","itemListElement":[{"@type":"ListItem","position":1,"name":"Kulturn\u00ed pam\u00e1tky","item":"https:\/\/www.patriz.cz\/kulturni-pamatky\/#breadcrumbitem"}]}]