[{"@context":"https:\/\/schema.org\/","@type":"Article","@id":"https:\/\/www.patriz.cz\/co-lidi-laka-na-ceske-prirode\/#Article","mainEntityOfPage":"https:\/\/www.patriz.cz\/co-lidi-laka-na-ceske-prirode\/","headline":"Co lidi l\u00e1k\u00e1 na \u010desk\u00e9 p\u0159\u00edrod\u011b?","name":"Co lidi l\u00e1k\u00e1 na \u010desk\u00e9 p\u0159\u00edrod\u011b?","description":"Nespo\u010detn\u011b mnoho lid\u00ed se rozhodlo str\u00e1vit leto\u0161n\u00ed pr\u00e1zdniny v \u010cesk\u00e9 republice. P\u0159idejte se k nim, pokud nechcete jezdit k mo\u0159i a cel\u00fd den se jen v\u00e1let na pl\u00e1\u017ei. Spojte svou letn\u00ed dovolenou s n\u011b\u010d\u00edm p\u0159\u00edjemn\u00fdm a pronikn\u011bte do hloubi \u010desk\u00e9 p\u0159\u00edrody. Ubytov\u00e1n\u00ed Jesen\u00edky v\u00e1m m\u00e1 toho mnoho co nab\u00eddnout. Za va\u0161e hranice Nechcete b\u00fdt u mo\u0159e chyceni jen v hotelov\u00e9m komplexu a nem\u00edt mo\u017enost nic v\u00edc nav\u0161t\u00edvit? Pokud se chcete dostat d\u00e1l ne\u017e za zdi sv\u00e9ho hotelu, pak nikam nejezd\u011bte a z\u016fsta\u0148te doma. \u010cesko m\u00e1 toho toti\u017e mnoho co nab\u00eddnout pro \u010deskou rodinu v p\u0159\u00edrod\u011b. K n\u00e1m nebudete muset jezdit ani tak daleko a p\u0159esto budete nad\u0161eni. Zajist\u011bte si ubytov\u00e1n\u00ed v Jesen\u00edk\u00e1ch a probouzejte se ka\u017ed\u00fd den do zelen\u00e9 p\u0159\u00edrody a \u010derstv\u00e9ho vzduchu. 3.7\/5 - (3 votes)","datePublished":"2024-12-27","dateModified":"2024-12-27","author":{"@type":"Person","@id":"https:\/\/www.patriz.cz\/author\/#Person","name":"","url":"https:\/\/www.patriz.cz\/author\/","identifier":1,"image":{"@type":"ImageObject","@id":"https:\/\/secure.gravatar.com\/avatar\/020fed30ca967737eb0c640f241d660d0f18cb15fe876f045fbf23eb8510c133?s=96&d=mm&r=g","url":"https:\/\/secure.gravatar.com\/avatar\/020fed30ca967737eb0c640f241d660d0f18cb15fe876f045fbf23eb8510c133?s=96&d=mm&r=g","height":96,"width":96}},"publisher":{"@type":"Organization","name":"patriz.cz","logo":{"@type":"ImageObject","@id":"\/logo.png","url":"\/logo.png","width":600,"height":60}},"url":"https:\/\/www.patriz.cz\/co-lidi-laka-na-ceske-prirode\/","wordCount":168,"articleBody":" Nespo\u010detn\u011b mnoho lid\u00ed se rozhodlo str\u00e1vit leto\u0161n\u00ed pr\u00e1zdniny v \u010cesk\u00e9 republice. P\u0159idejte se k nim, pokud nechcete jezdit k mo\u0159i a cel\u00fd den se jen v\u00e1let na pl\u00e1\u017ei. Spojte svou letn\u00ed dovolenou s n\u011b\u010d\u00edm p\u0159\u00edjemn\u00fdm a pronikn\u011bte do hloubi \u010desk\u00e9 p\u0159\u00edrody. Ubytov\u00e1n\u00ed Jesen\u00edky v\u00e1m m\u00e1 toho mnoho co nab\u00eddnout. Za va\u0161e hranice Nechcete b\u00fdt u mo\u0159e chyceni jen v hotelov\u00e9m komplexu a nem\u00edt mo\u017enost nic v\u00edc nav\u0161t\u00edvit? Pokud se chcete dostat d\u00e1l ne\u017e za zdi sv\u00e9ho hotelu, pak nikam nejezd\u011bte a z\u016fsta\u0148te doma. \u010cesko m\u00e1 toho toti\u017e mnoho co nab\u00eddnout pro \u010deskou rodinu v p\u0159\u00edrod\u011b. K n\u00e1m nebudete muset jezdit ani tak daleko a p\u0159esto budete nad\u0161eni. Zajist\u011bte si ubytov\u00e1n\u00ed v Jesen\u00edk\u00e1ch a probouzejte se ka\u017ed\u00fd den do zelen\u00e9 p\u0159\u00edrody a \u010derstv\u00e9ho vzduchu.                                                                                                                                                                                                                                                                                                                                                                                        3.7\/5 - (3 votes)        "},{"@context":"https:\/\/schema.org\/","@type":"BreadcrumbList","itemListElement":[{"@type":"ListItem","position":1,"name":"Co lidi l\u00e1k\u00e1 na \u010desk\u00e9 p\u0159\u00edrod\u011b?","item":"https:\/\/www.patriz.cz\/co-lidi-laka-na-ceske-prirode\/#breadcrumbitem"}]}]